{"id":3378,"date":"2025-12-10T11:35:51","date_gmt":"2025-12-10T17:35:51","guid":{"rendered":"https:\/\/agridulcenoticias.com\/?p=3378"},"modified":"2025-12-10T11:35:53","modified_gmt":"2025-12-10T17:35:53","slug":"avanza-zona-conurbada-hacia-una-movilidad-urbana-ordenada","status":"publish","type":"post","link":"https:\/\/agridulcenoticias.com\/index.php\/2025\/12\/10\/avanza-zona-conurbada-hacia-una-movilidad-urbana-ordenada\/","title":{"rendered":"Avanza zona conurbada hacia una movilidad urbana ordenada"},"content":{"rendered":"\n<p>TAMPICO, TAMAULIPAS. \u2013 El Gobierno de Tamaulipas avanza en una ruta de transformaci\u00f3n que busca ofrecer a las familias de Tampico, Ciudad Madero y Altamira una movilidad m\u00e1s \u00e1gil, segura y arm\u00f3nica. A trav\u00e9s de la Secretar\u00eda de Desarrollo Urbano y Medio Ambiente (SEDUMA), se desarrollan acciones integrales que permitir\u00e1n fortalecer los desplazamientos cotidianos y mejorar la conexi\u00f3n entre los tres municipios que conforman esta importante regi\u00f3n metropolitana.<\/p>\n\n\n\n<p>En representaci\u00f3n de la titular de la SEDUMA, Karina Lizeth Sald\u00edvar Lartigue, el subsecretario de Desarrollo Urbano, Fernando Daniel P\u00e1ez Su\u00e1rez, present\u00f3 a representantes de medios de comunicaci\u00f3n avances en materia de movilidad urbana, destacando que el trabajo actual se enfoca en construir soluciones coordinadas que respondan al dinamismo social y econ\u00f3mico del sur del estado, \u201cnuestro prop\u00f3sito es acompa\u00f1ar el crecimiento de la zona conurbada con una movilidad moderna, bien planeada y centrada en las personas\u201d, expres\u00f3.<\/p>\n\n\n\n<p>Entre los avances expuestos, P\u00e1ez Su\u00e1rez explic\u00f3 que la SEDUMA impulsa estudios de movilidad que permiten comprender mejor los patrones de desplazamiento y planear infraestructura que favorezca trayectos m\u00e1s fluidos. A partir de esta informaci\u00f3n t\u00e9cnica, se desarrolla una reorganizaci\u00f3n de corredores urbanos, el dise\u00f1o de vialidades m\u00e1s eficientes y la incorporaci\u00f3n de criterios que facilitan la convivencia entre distintos modos de transporte.<\/p>\n\n\n\n<p>El subsecretario subray\u00f3 que la visi\u00f3n del gobierno estatal es que cada persona pueda moverse de manera m\u00e1s sencilla, con infraestructura confiable y un entorno urbano que favorezca la convivencia, \u201cla movilidad es parte de nuestro bienestar. Cuando una ciudad se mueve bien, su gente vive mejor\u201d, enfatiz\u00f3.<\/p>\n\n\n\n<p>En la reuni\u00f3n estuvieron presentes el director de Movilidad de la SEDUMA, Daniel Mel\u00e9ndez Garc\u00eda; la directora general del IMEPLAN, Mar\u00eda Silvia Montalvo Tello; el director del Proyecto Ejecutivo del BRT, David Carrillo Murillo; y el consultor Paul Alejandro S\u00e1nchez, quienes coincidieron en que la coordinaci\u00f3n institucional permitir\u00e1 consolidar una movilidad metropolitana moderna, accesible y planificada con visi\u00f3n de futuro.<\/p>\n\n\n\n<p>El Gobierno de Tamaulipas reafirm\u00f3 que estas acciones forman parte de una estrategia que busca acompa\u00f1ar el desarrollo regional con soluciones integrales, apostando por ciudades m\u00e1s conectadas, funcionales y pensadas para el bienestar de todas y todos.<\/p>\n","protected":false},"excerpt":{"rendered":"<p>TAMPICO, TAMAULIPAS. \u2013 El Gobierno de Tamaulipas avanza en una ruta de transformaci\u00f3n que busca&#8230;<\/p>\n","protected":false},"author":1,"featured_media":3379,"comment_status":"open","ping_status":"closed","sticky":false,"template":"","format":"standard","meta":{"footnotes":""},"categories":[5,2],"tags":[],"class_list":["post-3378","post","type-post","status-publish","format-standard","has-post-thumbnail","hentry","category-tamaulipas","category-tampico"],"_links":{"self":[{"href":"https:\/\/agridulcenoticias.com\/index.php\/wp-json\/wp\/v2\/posts\/3378","targetHints":{"allow":["GET"]}}],"collection":[{"href":"https:\/\/agridulcenoticias.com\/index.php\/wp-json\/wp\/v2\/posts"}],"about":[{"href":"https:\/\/agridulcenoticias.com\/index.php\/wp-json\/wp\/v2\/types\/post"}],"author":[{"embeddable":true,"href":"https:\/\/agridulcenoticias.com\/index.php\/wp-json\/wp\/v2\/users\/1"}],"replies":[{"embeddable":true,"href":"https:\/\/agridulcenoticias.com\/index.php\/wp-json\/wp\/v2\/comments?post=3378"}],"version-history":[{"count":1,"href":"https:\/\/agridulcenoticias.com\/index.php\/wp-json\/wp\/v2\/posts\/3378\/revisions"}],"predecessor-version":[{"id":3380,"href":"https:\/\/agridulcenoticias.com\/index.php\/wp-json\/wp\/v2\/posts\/3378\/revisions\/3380"}],"wp:featuredmedia":[{"embeddable":true,"href":"https:\/\/agridulcenoticias.com\/index.php\/wp-json\/wp\/v2\/media\/3379"}],"wp:attachment":[{"href":"https:\/\/agridulcenoticias.com\/index.php\/wp-json\/wp\/v2\/media?parent=3378"}],"wp:term":[{"taxonomy":"category","embeddable":true,"href":"https:\/\/agridulcenoticias.com\/index.php\/wp-json\/wp\/v2\/categories?post=3378"},{"taxonomy":"post_tag","embeddable":true,"href":"https:\/\/agridulcenoticias.com\/index.php\/wp-json\/wp\/v2\/tags?post=3378"}],"curies":[{"name":"wp","href":"https:\/\/api.w.org\/{rel}","templated":true}]}}