{"id":3397,"date":"2025-12-10T23:17:00","date_gmt":"2025-12-11T05:17:00","guid":{"rendered":"https:\/\/agridulcenoticias.com\/?p=3397"},"modified":"2025-12-13T11:25:05","modified_gmt":"2025-12-13T17:25:05","slug":"carmen-lilia-entrega-300-becas-de-titulacion","status":"publish","type":"post","link":"https:\/\/agridulcenoticias.com\/index.php\/2025\/12\/10\/carmen-lilia-entrega-300-becas-de-titulacion\/","title":{"rendered":"Carmen Lilia entrega 300 becas de titulaci\u00f3n"},"content":{"rendered":"\n<p><a><\/a>Consolida a Nuevo Laredo como modelo estatal en impulso educativo.<\/p>\n\n\n\n<p>NUEVO LAREDO, TAMPS. Nuevo Laredo se mantiene como uno de los municipios con mayor visi\u00f3n educativa y social en Tamaulipas, al entregar este viernes 300 becas del programa \u201cJuntos por la Titulaci\u00f3n Profesional\u201d, una iniciativa pionera creada por la alcaldesa Carmen Lilia Canturosas Villarreal para combatir el rezago en la conclusi\u00f3n de estudios superiores.<\/p>\n\n\n\n<p>Gracias a este programa replicado ya en otros municipios de Tamaulipas por sus resultados, el gobierno local garantiza que ning\u00fan joven vea truncado su futuro profesional por falta de recursos, posicionando a Nuevo Laredo como un municipio que invierte de manera estrat\u00e9gica en su capital humano.<\/p>\n\n\n\n<p>Durante la ceremonia, la presidenta municipal destac\u00f3 el origen social del programa, creado para atender a los egresados que, pese a haber concluido su formaci\u00f3n acad\u00e9mica, no pod\u00edan titularse por limitaciones econ\u00f3micas.<\/p>\n\n\n\n<p>\u201cSab\u00edamos que cientos de j\u00f3venes y adultos hab\u00edan invertido a\u00f1os de esfuerzo, desvelos y sacrificios en sus estudios, pero un obst\u00e1culo, muchas veces econ\u00f3mico, les imped\u00eda obtener el documento que certifica su logro: su t\u00edtulo profesional. Ah\u00ed es donde radica el profundo sentido social de este programa.<\/p>\n\n\n\n<p>A\u00f1adi\u00f3 que titularse no es \u00fanicamente un tr\u00e1mite, sino un paso determinante para acceder a mejores oportunidades laborales, elevar la competitividad profesional y dar certeza jur\u00eddica al conocimiento adquirido.<\/p>\n\n\n\n<p>\u201cTitularse es mucho m\u00e1s que un tr\u00e1mite escolar, es obtener la certeza jur\u00eddica y profesional de su conocimiento. Es el documento que abre la puerta a mejores oportunidades laborales, a la competitividad y a la dignidad que merecen por su arduo trabajo. Nuestro objetivo primordial es claro: disminuir el \u00edndice de egresados sin t\u00edtulo e impulsar su plena y exitosa incorporaci\u00f3n al \u00e1mbito profesional\u201d, afirm\u00f3 la alcaldesa.<\/p>\n\n\n\n<p>Desde su puesta en marcha en el 2021, el programa ha transformado la realidad educativa de la ciudad: m\u00e1s de 644 egresados han sido beneficiados mediante una inversi\u00f3n acumulada de 2 millones 853 mil 980 pesos. Para la edici\u00f3n 2025, el Gobierno Municipal destinar\u00e1 1 mill\u00f3n 353 mil 608 pesos para financiar el 100% de los derechos de titulaci\u00f3n de otros 300 j\u00f3venes y adultos.<\/p>\n\n\n\n<p>Los recursos se depositan directamente en las instituciones educativas con convenio, entre ellas la Facultad de Comercio, Administraci\u00f3n y Ciencias Sociales; Facultad de Enfermer\u00eda; Instituto Tecnol\u00f3gico de Nuevo Laredo; Universidad Pedag\u00f3gica Nacional; y la Escuela Normal Urbana Cuauht\u00e9moc.<\/p>\n\n\n\n<p>El impacto de esta pol\u00edtica p\u00fablica se refleja en los testimonios de los beneficiarios, quienes destacan que la beca les permite concluir una etapa fundamental y enfrentar el futuro con mayor seguridad, profesionalismo y competitividad.<\/p>\n\n\n\n<p>Con acciones como esta, la alcaldesa Carmen Lilia Canturosas refrenda su compromiso en materia educativa en Tamaulipas. Su administraci\u00f3n coloca al municipio como un referente estatal en la creaci\u00f3n de oportunidades, el impulso al talento joven y la construcci\u00f3n de pol\u00edticas p\u00fablicas de alto impacto social.<\/p>\n\n\n\n<p>Tambi\u00e9n Nuevo Laredo reafirma su visi\u00f3n de futuro: un gobierno que invierte en su gente, que acompa\u00f1a a su juventud y que construye un desarrollo basado en el conocimiento, la preparaci\u00f3n y la igualdad de oportunidades.<\/p>\n\n\n\n<p>Durante este evento, se entregaron apoyos simb\u00f3licos a estudiantes destacados como Ivonne Santill\u00e1n Esparza (UPN), Evelyn P\u00e1ez Alc\u00e1ntara (FCAyCS), Marlent Karen Talamantes Pitones (Facultad de Enfermer\u00eda), Heidi Aislinn Palmer Reyes (ENUC) y Sof\u00eda Sarah\u00ed Tovar Ramos (ITNL).<\/p>\n","protected":false},"excerpt":{"rendered":"<p>Consolida a Nuevo Laredo como modelo estatal en impulso educativo. NUEVO LAREDO, TAMPS. Nuevo Laredo&#8230;<\/p>\n","protected":false},"author":1,"featured_media":3398,"comment_status":"open","ping_status":"closed","sticky":false,"template":"","format":"standard","meta":{"footnotes":""},"categories":[5],"tags":[],"class_list":["post-3397","post","type-post","status-publish","format-standard","has-post-thumbnail","hentry","category-tamaulipas"],"_links":{"self":[{"href":"https:\/\/agridulcenoticias.com\/index.php\/wp-json\/wp\/v2\/posts\/3397","targetHints":{"allow":["GET"]}}],"collection":[{"href":"https:\/\/agridulcenoticias.com\/index.php\/wp-json\/wp\/v2\/posts"}],"about":[{"href":"https:\/\/agridulcenoticias.com\/index.php\/wp-json\/wp\/v2\/types\/post"}],"author":[{"embeddable":true,"href":"https:\/\/agridulcenoticias.com\/index.php\/wp-json\/wp\/v2\/users\/1"}],"replies":[{"embeddable":true,"href":"https:\/\/agridulcenoticias.com\/index.php\/wp-json\/wp\/v2\/comments?post=3397"}],"version-history":[{"count":1,"href":"https:\/\/agridulcenoticias.com\/index.php\/wp-json\/wp\/v2\/posts\/3397\/revisions"}],"predecessor-version":[{"id":3399,"href":"https:\/\/agridulcenoticias.com\/index.php\/wp-json\/wp\/v2\/posts\/3397\/revisions\/3399"}],"wp:featuredmedia":[{"embeddable":true,"href":"https:\/\/agridulcenoticias.com\/index.php\/wp-json\/wp\/v2\/media\/3398"}],"wp:attachment":[{"href":"https:\/\/agridulcenoticias.com\/index.php\/wp-json\/wp\/v2\/media?parent=3397"}],"wp:term":[{"taxonomy":"category","embeddable":true,"href":"https:\/\/agridulcenoticias.com\/index.php\/wp-json\/wp\/v2\/categories?post=3397"},{"taxonomy":"post_tag","embeddable":true,"href":"https:\/\/agridulcenoticias.com\/index.php\/wp-json\/wp\/v2\/tags?post=3397"}],"curies":[{"name":"wp","href":"https:\/\/api.w.org\/{rel}","templated":true}]}}