{"id":3406,"date":"2025-12-10T23:31:00","date_gmt":"2025-12-11T05:31:00","guid":{"rendered":"https:\/\/agridulcenoticias.com\/?p=3406"},"modified":"2025-12-13T11:32:25","modified_gmt":"2025-12-13T17:32:25","slug":"claudia-sheinbaum-en-el-top-10-de-las-mujeres-mas-poderosas-del-mundo","status":"publish","type":"post","link":"https:\/\/agridulcenoticias.com\/index.php\/2025\/12\/10\/claudia-sheinbaum-en-el-top-10-de-las-mujeres-mas-poderosas-del-mundo\/","title":{"rendered":"Claudia Sheinbaum, en el Top 10 de las mujeres m\u00e1s poderosas del mundo"},"content":{"rendered":"\n<p><a><\/a>Forbes public\u00f3 su lista de las 100 Mujeres M\u00e1s Poderosas del Mundo, en la que coloca a la presidenta Claudia Sheinbaum en el Top 10<\/p>\n\n\n\n<p>diciembre 10, 2025<\/p>\n\n\n\n<p>La presidenta Claudia Sheinbaum figura como una de las mujeres m\u00e1s poderosas del mundo, este 2025.<\/p>\n\n\n\n<p>Forbes public\u00f3 su lista de las 100 Mujeres M\u00e1s Poderosas del Mundo, en la que coloca a la primera mandataria de M\u00e9xico en el puesto 5.<\/p>\n\n\n\n<p>Sheinbaum se ubic\u00f3 un lugar por debajo del obtenido el a\u00f1o anterior.<\/p>\n\n\n\n<p>De acuerdo con la Forbes, la presidenta obtuvo su lugar en la lista por ser M\u00e9xico el centro de la transformaci\u00f3n manufacturera de Norteam\u00e9rica.<\/p>\n\n\n\n<p>Las mujeres gobiernan solo 3 de las 25 principales econom\u00edas del mundo, pero lideran en puntos de inflexi\u00f3n que determinar\u00e1n el orden geopol\u00edtico\u201d, se\u00f1ala la lista.<\/p>\n\n\n\n<p>En el puesto uno de las 100 Mujeres M\u00e1s Poderosas del Mundo se encuentra Ursula von der Leyen, presidenta de la Comisi\u00f3n Europea.<\/p>\n\n\n\n<p>En el puesto dos se ubica Christine Lagarde, presidenta del Banco Central Europeo.<\/p>\n\n\n\n<p>Forbes destaca que ambas \u201cnavegan por las crisis superpuestas de Europa, donde la pol\u00edtica energ\u00e9tica, de defensa y monetaria determinan si el continente se cohesiona o se fractura\u201d.<\/p>\n\n\n\n<p>El Top 10 de la lista se compone por:<\/p>\n\n\n\n<p>Ursula von der Leyen, presidenta de la Comisi\u00f3n Europea<\/p>\n\n\n\n<p>Christine Lagarde, presidenta del Banco Central Europeo<\/p>\n\n\n\n<p>Sanae Takaichi, primera ministra de Jap\u00f3n<\/p>\n\n\n\n<p>Giorgia Meloni, primera ministra de Italia<\/p>\n\n\n\n<p>Claudia Sheinbaum, presidenta de M\u00e9xico<\/p>\n\n\n\n<p>Julie Sweet, CEO de Accenture<\/p>\n\n\n\n<p>Mary Barra, CEO de General Motors<\/p>\n\n\n\n<p>Jane Fraser, CEO de Citi<\/p>\n\n\n\n<p>Abigail Johnson, CEO de Fidelity Investments<\/p>\n\n\n\n<p>Lisa Su, CEO de AMD<\/p>\n\n\n\n<p>De M\u00e9xico, tambi\u00e9n se encuentra en la lista Blanca Trevi\u00f1o, cofundadora, presidenta y CEO de Softtek. Se ubica en el puesto 86.<\/p>\n\n\n\n<p>Otras mujeres que destacan en la lista son la cantante Taylor Swift en el puesto 21, la presentadora y fil\u00e1ntropa Oprah Winfrey en el sitio 30.<\/p>\n\n\n\n<p>La cantante Beyonc\u00e9 en el puesto 33, la celebridad y empresaria Kim Kardashian en el sitio 71, y Rumi, Mira y Zoey de la cinta animada Kpop Demon Hunters, en el puesto 100.<\/p>\n","protected":false},"excerpt":{"rendered":"<p>Forbes public\u00f3 su lista de las 100 Mujeres M\u00e1s Poderosas del Mundo, en la que&#8230;<\/p>\n","protected":false},"author":1,"featured_media":3407,"comment_status":"open","ping_status":"closed","sticky":false,"template":"","format":"standard","meta":{"footnotes":""},"categories":[14],"tags":[],"class_list":["post-3406","post","type-post","status-publish","format-standard","has-post-thumbnail","hentry","category-nacional"],"_links":{"self":[{"href":"https:\/\/agridulcenoticias.com\/index.php\/wp-json\/wp\/v2\/posts\/3406","targetHints":{"allow":["GET"]}}],"collection":[{"href":"https:\/\/agridulcenoticias.com\/index.php\/wp-json\/wp\/v2\/posts"}],"about":[{"href":"https:\/\/agridulcenoticias.com\/index.php\/wp-json\/wp\/v2\/types\/post"}],"author":[{"embeddable":true,"href":"https:\/\/agridulcenoticias.com\/index.php\/wp-json\/wp\/v2\/users\/1"}],"replies":[{"embeddable":true,"href":"https:\/\/agridulcenoticias.com\/index.php\/wp-json\/wp\/v2\/comments?post=3406"}],"version-history":[{"count":1,"href":"https:\/\/agridulcenoticias.com\/index.php\/wp-json\/wp\/v2\/posts\/3406\/revisions"}],"predecessor-version":[{"id":3408,"href":"https:\/\/agridulcenoticias.com\/index.php\/wp-json\/wp\/v2\/posts\/3406\/revisions\/3408"}],"wp:featuredmedia":[{"embeddable":true,"href":"https:\/\/agridulcenoticias.com\/index.php\/wp-json\/wp\/v2\/media\/3407"}],"wp:attachment":[{"href":"https:\/\/agridulcenoticias.com\/index.php\/wp-json\/wp\/v2\/media?parent=3406"}],"wp:term":[{"taxonomy":"category","embeddable":true,"href":"https:\/\/agridulcenoticias.com\/index.php\/wp-json\/wp\/v2\/categories?post=3406"},{"taxonomy":"post_tag","embeddable":true,"href":"https:\/\/agridulcenoticias.com\/index.php\/wp-json\/wp\/v2\/tags?post=3406"}],"curies":[{"name":"wp","href":"https:\/\/api.w.org\/{rel}","templated":true}]}}