{"id":3415,"date":"2025-12-11T23:38:00","date_gmt":"2025-12-12T05:38:00","guid":{"rendered":"https:\/\/agridulcenoticias.com\/?p=3415"},"modified":"2025-12-13T11:40:49","modified_gmt":"2025-12-13T17:40:49","slug":"cambian-mesa-directiva-del-consejo-empresarial-de-la-ciudad-de-madero","status":"publish","type":"post","link":"https:\/\/agridulcenoticias.com\/index.php\/2025\/12\/11\/cambian-mesa-directiva-del-consejo-empresarial-de-la-ciudad-de-madero\/","title":{"rendered":"Cambian mesa directiva del Consejo Empresarial de la Ciudad de Madero"},"content":{"rendered":"\n<p><a><\/a>diciembre 11, 2025<\/p>\n\n\n\n<p>CD. MADERO, TAMAULIPAS. \u2013 En una ceremonia que reuni\u00f3 a representantes del sector productivo, autoridades locales y l\u00edderes de la iniciativa privada, se llev\u00f3 a cabo la toma de protesta de la nueva mesa directiva del Consejo Empresarial de Ciudad Madero (CEM), encabezada por el arquitecto Felipe Olvera Ram\u00edrez, quien asumi\u00f3 oficialmente la presidencia del organismo para el periodo vigente.<\/p>\n\n\n\n<p>El acto fue presidido como invitado de honor por el alcalde Erasmo Gonz\u00e1lez Robledo, encargado de tomar protesta a los nuevos integrantes del consejo directivo.<\/p>\n\n\n\n<p>La nueva estructura qued\u00f3 conformada por el Ing. \u00d3scar Alberto Izaguirre \u00c1vila como vicepresidente, el Lic. Andr\u00e9s Mart\u00ednez Gonz\u00e1lez como secretario, y el Ing. Sergio Maldonado Pumarejo como tesorero.<\/p>\n\n\n\n<p>Durante su mensaje, Felipe Olvera destac\u00f3 la relevancia de mantener un gremio empresarial unido para impulsar el desarrollo econ\u00f3mico, social y urbano del municipio.<\/p>\n\n\n\n<p>Subray\u00f3 que la comunicaci\u00f3n constante entre los empresarios maderenses ha fortalecido el sentido de pertenencia y ha contribuido a que nuevas generaciones decidan quedarse o regresar a la ciudad para emprender y desarrollarse profesionalmente.<\/p>\n\n\n\n<p>El nuevo presidente del CEM afirm\u00f3 que este fen\u00f3meno refleja que Ciudad Madero y la zona conurbada ofrecen hoy condiciones favorables para invertir, abrir empresas y generar empleos, en un entorno de estabilidad y crecimiento sostenido tanto en el sector tur\u00edstico como en el urbano y econ\u00f3mico.<\/p>\n\n\n\n<p>Asimismo, reconoci\u00f3 la relaci\u00f3n de colaboraci\u00f3n que existe entre el empresariado y el gobierno municipal, la cual ha sido fundamental para enfrentar desaf\u00edos recientes y construir soluciones conjuntas en beneficio de la comunidad.<\/p>\n\n\n\n<p>\u201cEstamos en un momento en el que la integraci\u00f3n entre empresarios y autoridad se ha convertido en un elemento esencial para impulsar proyectos, defender el Estado de derecho y consolidar el potencial de Ciudad Madero, particularmente en espacios emblem\u00e1ticos como Playa Miramar\u201d, expres\u00f3.<\/p>\n\n\n\n<p>La nueva mesa directiva iniciar\u00e1 de inmediato los trabajos correspondientes al periodo, con el compromiso de fortalecer el crecimiento econ\u00f3mico y la competitividad del municipio.<\/p>\n","protected":false},"excerpt":{"rendered":"<p>diciembre 11, 2025 CD. MADERO, TAMAULIPAS. \u2013 En una ceremonia que reuni\u00f3 a representantes del&#8230;<\/p>\n","protected":false},"author":1,"featured_media":3416,"comment_status":"open","ping_status":"closed","sticky":false,"template":"","format":"standard","meta":{"footnotes":""},"categories":[3],"tags":[],"class_list":["post-3415","post","type-post","status-publish","format-standard","has-post-thumbnail","hentry","category-madero"],"_links":{"self":[{"href":"https:\/\/agridulcenoticias.com\/index.php\/wp-json\/wp\/v2\/posts\/3415","targetHints":{"allow":["GET"]}}],"collection":[{"href":"https:\/\/agridulcenoticias.com\/index.php\/wp-json\/wp\/v2\/posts"}],"about":[{"href":"https:\/\/agridulcenoticias.com\/index.php\/wp-json\/wp\/v2\/types\/post"}],"author":[{"embeddable":true,"href":"https:\/\/agridulcenoticias.com\/index.php\/wp-json\/wp\/v2\/users\/1"}],"replies":[{"embeddable":true,"href":"https:\/\/agridulcenoticias.com\/index.php\/wp-json\/wp\/v2\/comments?post=3415"}],"version-history":[{"count":1,"href":"https:\/\/agridulcenoticias.com\/index.php\/wp-json\/wp\/v2\/posts\/3415\/revisions"}],"predecessor-version":[{"id":3417,"href":"https:\/\/agridulcenoticias.com\/index.php\/wp-json\/wp\/v2\/posts\/3415\/revisions\/3417"}],"wp:featuredmedia":[{"embeddable":true,"href":"https:\/\/agridulcenoticias.com\/index.php\/wp-json\/wp\/v2\/media\/3416"}],"wp:attachment":[{"href":"https:\/\/agridulcenoticias.com\/index.php\/wp-json\/wp\/v2\/media?parent=3415"}],"wp:term":[{"taxonomy":"category","embeddable":true,"href":"https:\/\/agridulcenoticias.com\/index.php\/wp-json\/wp\/v2\/categories?post=3415"},{"taxonomy":"post_tag","embeddable":true,"href":"https:\/\/agridulcenoticias.com\/index.php\/wp-json\/wp\/v2\/tags?post=3415"}],"curies":[{"name":"wp","href":"https:\/\/api.w.org\/{rel}","templated":true}]}}