{"id":3427,"date":"2025-12-11T12:11:18","date_gmt":"2025-12-11T18:11:18","guid":{"rendered":"https:\/\/agridulcenoticias.com\/?p=3427"},"modified":"2025-12-13T12:12:55","modified_gmt":"2025-12-13T18:12:55","slug":"invita-dif-tamaulipas-al-cuarto-bazar-navideno-un-difciembre-para-recordar","status":"publish","type":"post","link":"https:\/\/agridulcenoticias.com\/index.php\/2025\/12\/11\/invita-dif-tamaulipas-al-cuarto-bazar-navideno-un-difciembre-para-recordar\/","title":{"rendered":"Invita DIF Tamaulipas al cuarto bazar navide\u00f1o \u201cUn DIFciembre para Recordar\u201d"},"content":{"rendered":"\n<p><a><\/a>El bazar estar\u00e1 abierto del 12 al 15 de diciembre de 11 a.m. a 7 p.m. en el Polyforum de Victoria.<\/p>\n\n\n\n<p>diciembre 11, 2025<\/p>\n\n\n\n<p>CIUDAD VICTORIA, TAMPS. El Sistema para el Desarrollo Integral de la Familia de Tamaulipas, presidido por la doctora Mar\u00eda de Villarreal, invita a todas las familias a participar en el cuarto bazar navide\u00f1o \u201cUn DIFciembre para Recordar\u201d, que se llevar\u00e1 a cabo en las instalaciones del Polyforum de Victoria los d\u00edas 12, 13, 14 y 15 de diciembre, en un horario de 11 a.m. a 7 p.m.<\/p>\n\n\n\n<p>En conferencia de prensa para realizar el anuncio de las actividades, la directora general del DIF Tamaulipas, Patricia Lara Ayala, destac\u00f3 que este encuentro representa una oportunidad para que emprendedores y negocios locales puedan exponer y comercializar sus productos en un espacio seguro, c\u00f3modo y pensado para el disfrute de todas las edades.<\/p>\n\n\n\n<p>\u201cTraemos para ustedes la cuarta entrega de un bazar maravilloso que realizamos cada a\u00f1o, en el que empresarios locales, empresarios de Tamaulipas, tienen la oportunidad de exponer, vender y disfrutar de un lugar seguro y con todas las comodidades para promover sus art\u00edculos. Y lo m\u00e1s lindo, que la gente de Victoria pueda darse la vuelta con sus hijos, con sus nietos, con su familia, comer rico, pasar un momento agradable porque hay n\u00fameros musicales y adem\u00e1s comprar sus regalitos\u201d expres\u00f3 Patricia Lara Ayala.<\/p>\n\n\n\n<p>En esta edici\u00f3n se ofrecen en venta art\u00edculos como joyer\u00eda, ropa, artesan\u00edas, muebles, juguetes, accesorios, cosm\u00e9ticos, art\u00edculos navide\u00f1os, alimentos, postres, productos para mascotas y muchas opciones m\u00e1s que estar\u00e1n disponibles durante los 4 d\u00edas del evento.<\/p>\n\n\n\n<p>Los recursos obtenidos por concepto de renta de espacios comerciales ser\u00e1n destinados a fortalecer las acciones que realizan los Mensajeros de Paz del DIF Tamaulipas, con el prop\u00f3sito de respaldar programas y apoyos dirigidos a la poblaci\u00f3n de atenci\u00f3n prioritaria en la entidad.<\/p>\n\n\n\n<p>El bazar navide\u00f1o \u201cUn DIFciembre para recordar\u201d es un espacio lleno de m\u00fasica, alegr\u00eda y actividades para el disfrute de toda la familia, con la participaci\u00f3n de artistas locales que contribuir\u00e1n a crear un ambiente a\u00fan m\u00e1s c\u00e1lido para quienes decidan sumarse a esta iniciativa que promueve el emprendedurismo, la integraci\u00f3n comunitaria y el esp\u00edritu solidario.<\/p>\n","protected":false},"excerpt":{"rendered":"<p>El bazar estar\u00e1 abierto del 12 al 15 de diciembre de 11 a.m. a 7&#8230;<\/p>\n","protected":false},"author":1,"featured_media":3428,"comment_status":"open","ping_status":"closed","sticky":false,"template":"","format":"standard","meta":{"footnotes":""},"categories":[5],"tags":[],"class_list":["post-3427","post","type-post","status-publish","format-standard","has-post-thumbnail","hentry","category-tamaulipas"],"_links":{"self":[{"href":"https:\/\/agridulcenoticias.com\/index.php\/wp-json\/wp\/v2\/posts\/3427","targetHints":{"allow":["GET"]}}],"collection":[{"href":"https:\/\/agridulcenoticias.com\/index.php\/wp-json\/wp\/v2\/posts"}],"about":[{"href":"https:\/\/agridulcenoticias.com\/index.php\/wp-json\/wp\/v2\/types\/post"}],"author":[{"embeddable":true,"href":"https:\/\/agridulcenoticias.com\/index.php\/wp-json\/wp\/v2\/users\/1"}],"replies":[{"embeddable":true,"href":"https:\/\/agridulcenoticias.com\/index.php\/wp-json\/wp\/v2\/comments?post=3427"}],"version-history":[{"count":1,"href":"https:\/\/agridulcenoticias.com\/index.php\/wp-json\/wp\/v2\/posts\/3427\/revisions"}],"predecessor-version":[{"id":3429,"href":"https:\/\/agridulcenoticias.com\/index.php\/wp-json\/wp\/v2\/posts\/3427\/revisions\/3429"}],"wp:featuredmedia":[{"embeddable":true,"href":"https:\/\/agridulcenoticias.com\/index.php\/wp-json\/wp\/v2\/media\/3428"}],"wp:attachment":[{"href":"https:\/\/agridulcenoticias.com\/index.php\/wp-json\/wp\/v2\/media?parent=3427"}],"wp:term":[{"taxonomy":"category","embeddable":true,"href":"https:\/\/agridulcenoticias.com\/index.php\/wp-json\/wp\/v2\/categories?post=3427"},{"taxonomy":"post_tag","embeddable":true,"href":"https:\/\/agridulcenoticias.com\/index.php\/wp-json\/wp\/v2\/tags?post=3427"}],"curies":[{"name":"wp","href":"https:\/\/api.w.org\/{rel}","templated":true}]}}