{"id":3446,"date":"2025-12-12T12:23:00","date_gmt":"2025-12-12T18:23:00","guid":{"rendered":"https:\/\/agridulcenoticias.com\/?p=3446"},"modified":"2025-12-14T00:25:10","modified_gmt":"2025-12-14T06:25:10","slug":"reinstala-sst-consejo-estatal-para-la-prevencion-y-tratamiento-del-cancer-en-la-infancia-y-la-adolescencia-coecia","status":"publish","type":"post","link":"https:\/\/agridulcenoticias.com\/index.php\/2025\/12\/12\/reinstala-sst-consejo-estatal-para-la-prevencion-y-tratamiento-del-cancer-en-la-infancia-y-la-adolescencia-coecia\/","title":{"rendered":"Reinstala SST Consejo Estatal para la Prevenci\u00f3n y Tratamiento del C\u00e1ncer en la Infancia y la Adolescencia (COECIA)"},"content":{"rendered":"\n<p><a><\/a>Diciembre 12 de 2025<\/p>\n\n\n\n<p>Ciudad Victoria, Tamaulipas.- Para impulsar la mejora continua y adoptar decisiones normativas para la detecci\u00f3n y atenci\u00f3n del c\u00e1ncer infantil, se llev\u00f3 a cabo la firma del acta de reinstalaci\u00f3n del Consejo Estatal para la Prevenci\u00f3n y Tratamiento del C\u00e1ncer en la Infancia y la Adolescencia (COECIA).<\/p>\n\n\n\n<p>En representaci\u00f3n del secretario de Salud, Vicente Joel Hern\u00e1ndez Navarro, el director general de Pol\u00edticas de Salud y Bienestar Poblacional, Gabriel de la Garza Garza, tom\u00f3 protesta a las y los integrantes del consejo, para cumplir y hacer cumplir los lineamientos, derechos y obligaciones para la revisi\u00f3n y atenci\u00f3n de este padecimiento.<\/p>\n\n\n\n<p>\u201cEstamos convencidos que en este espacio se fortalecer\u00e1 la detecci\u00f3n integral de nuestras ni\u00f1as, ni\u00f1os y adolescentes tamaulipecos, ofreciendo los canales adecuados para garantizar el abasto oportuno de los medicamentos, establecer convenios para la realizaci\u00f3n de los estudios complementarios y asegurar las intervenciones necesarias cuando \u00e9stas no se encuentren disponibles en las unidades hospitalarias\u201d destac\u00f3 de la Garza Garza durante la toma de protesta a los integrantes del Consejo.<\/p>\n\n\n\n<p>Dijo que este \u00f3rgano consultivo es una instancia permanente de coordinaci\u00f3n y concertaci\u00f3n de acciones de los sectores p\u00fablico, social y privado en materia de investigaci\u00f3n, prevenci\u00f3n, diagn\u00f3stico y tratamiento integral del c\u00e1ncer detectado entre la poblaci\u00f3n menor de dieciocho a\u00f1os; y que con su entrega, profesionalismo y compromiso de todos, as\u00ed como el apoyo del gobierno del doctor Am\u00e9rico Villarreal Anaya, se consolida el trabajo preventivo, el correctivo de las \u00e1reas pedi\u00e1tricas y se aseguran entornos dignos.<\/p>\n\n\n\n<p>De igual manera reconoci\u00f3 a las asociaciones civiles que acompa\u00f1an a las familias a lo largo de este complejo proceso, ya que su labor es invaluable, no s\u00f3lo por el apoyo funcional y social que brindan, sino por su contribuci\u00f3n para garantizar los diagn\u00f3sticos oportunos y el inicio de los tratamientos necesarios.<\/p>\n\n\n\n<p>\u201cLa detecci\u00f3n temprana del c\u00e1ncer infantil es un factor decisivo para salvar vidas y asegurar un futuro saludable para los ni\u00f1os, ni\u00f1as y adolescentes; detectar oportunamente los signos, aumenta las posibilidades de \u00e9xito de los tratamientos, por ello es necesario reforzar la vigilancia cl\u00ednica, sensibilizar a las familias sobre la revisi\u00f3n m\u00e9dica peri\u00f3dica y garantizar la referencia inmediata de los casos sospechosos\u201d, destac\u00f3 el funcionario estatal.<\/p>\n\n\n\n<p>En la firma del acta de reinstalaci\u00f3n del COECIA, asisti\u00f3 el titular del \u00d3rgano de Operaci\u00f3n Administrativa Desconcentrado del IMSS Tamaulipas, Jos\u00e9 Luis Aranza Aguilar; el subdelegado m\u00e9dico del ISSSTE, Jorge Iv\u00e1n Alejandro Cortina Beltr\u00e1n; el director general de la Unidad de Coordinaci\u00f3n de Servicios M\u00e9dicos, Calidad y Ense\u00f1anza, Carlos Arturo Gonz\u00e1lez Castro; la directora general de la Unidad de Planeaci\u00f3n y Desarrollo del Sector Salud, Loyda Ram\u00edrez L\u00f3pez; la directora de Salud Reproductiva y Atenci\u00f3n a la Infancia y Adolescencia, Sergia Ju\u00e1rez Delgado y el director del Hospital Infantil de Tamaulipas, Vicente Plascencia Valadez.<\/p>\n","protected":false},"excerpt":{"rendered":"<p>Diciembre 12 de 2025 Ciudad Victoria, Tamaulipas.- Para impulsar la mejora continua y adoptar decisiones&#8230;<\/p>\n","protected":false},"author":1,"featured_media":3447,"comment_status":"open","ping_status":"closed","sticky":false,"template":"","format":"standard","meta":{"footnotes":""},"categories":[5],"tags":[],"class_list":["post-3446","post","type-post","status-publish","format-standard","has-post-thumbnail","hentry","category-tamaulipas"],"_links":{"self":[{"href":"https:\/\/agridulcenoticias.com\/index.php\/wp-json\/wp\/v2\/posts\/3446","targetHints":{"allow":["GET"]}}],"collection":[{"href":"https:\/\/agridulcenoticias.com\/index.php\/wp-json\/wp\/v2\/posts"}],"about":[{"href":"https:\/\/agridulcenoticias.com\/index.php\/wp-json\/wp\/v2\/types\/post"}],"author":[{"embeddable":true,"href":"https:\/\/agridulcenoticias.com\/index.php\/wp-json\/wp\/v2\/users\/1"}],"replies":[{"embeddable":true,"href":"https:\/\/agridulcenoticias.com\/index.php\/wp-json\/wp\/v2\/comments?post=3446"}],"version-history":[{"count":1,"href":"https:\/\/agridulcenoticias.com\/index.php\/wp-json\/wp\/v2\/posts\/3446\/revisions"}],"predecessor-version":[{"id":3448,"href":"https:\/\/agridulcenoticias.com\/index.php\/wp-json\/wp\/v2\/posts\/3446\/revisions\/3448"}],"wp:featuredmedia":[{"embeddable":true,"href":"https:\/\/agridulcenoticias.com\/index.php\/wp-json\/wp\/v2\/media\/3447"}],"wp:attachment":[{"href":"https:\/\/agridulcenoticias.com\/index.php\/wp-json\/wp\/v2\/media?parent=3446"}],"wp:term":[{"taxonomy":"category","embeddable":true,"href":"https:\/\/agridulcenoticias.com\/index.php\/wp-json\/wp\/v2\/categories?post=3446"},{"taxonomy":"post_tag","embeddable":true,"href":"https:\/\/agridulcenoticias.com\/index.php\/wp-json\/wp\/v2\/tags?post=3446"}],"curies":[{"name":"wp","href":"https:\/\/api.w.org\/{rel}","templated":true}]}}