{"id":3470,"date":"2025-12-13T13:37:00","date_gmt":"2025-12-13T19:37:00","guid":{"rendered":"https:\/\/agridulcenoticias.com\/?p=3470"},"modified":"2025-12-14T01:44:06","modified_gmt":"2025-12-14T07:44:06","slug":"marcha-generacion-z-en-la-cdmx-a-que-hora-iniciara-y-cual-sera-su-ruta","status":"publish","type":"post","link":"https:\/\/agridulcenoticias.com\/index.php\/2025\/12\/13\/marcha-generacion-z-en-la-cdmx-a-que-hora-iniciara-y-cual-sera-su-ruta\/","title":{"rendered":"Marcha Generaci\u00f3n Z en la CDMX: \u00bfa qu\u00e9 hora iniciar\u00e1 y cu\u00e1l ser\u00e1 su ruta?"},"content":{"rendered":"\n<p>La ma\u00f1ana de este domingo 14 de diciembre de 2025 se llevar\u00e1 a cabo una nueva marcha de la \u201cGeneraci\u00f3n Z M\u00e9xico\u201d<\/p>\n\n\n\n<p>diciembre 13, 2025<\/p>\n\n\n\n<p>El grupo denominado \u201cGeneraci\u00f3n Z M\u00e9xico\u201d convoc\u00f3 a una nueva marcha para la ma\u00f1ana y la tarde del domingo 14 de diciembre de 2025 en la Ciudad de M\u00e9xico.<\/p>\n\n\n\n<p>Dicha movilizaci\u00f3n comenzar\u00e1 en punto de las 11:00 h del domingo, que tendr\u00e1 como punto de partida el \u00c1ngel de la Independencia.<\/p>\n\n\n\n<p>La movilizaci\u00f3n seguir\u00e1 por avenida Paseo de la Reforma, cruzar\u00e1 Eje Central, se dirigir\u00e1 a la calle 5 de Mayo y tendr\u00e1 como punto culminante la plancha del Z\u00f3calo capitalino.<\/p>\n\n\n\n<p>\u201cGeneraci\u00f3n Z M\u00e9xico\u201d hizo un llamado a los asistentes a esta marcha para que porten ropa en color blanco, adem\u00e1s de que se solicit\u00f3 movilizarse de manera pac\u00edfica.<\/p>\n\n\n\n<p>El secretario de Seguridad Ciudadana capitalina (SSC CDMX), Pablo V\u00e1zquez Camacho, detall\u00f3 en entrevista que no cambiar\u00e1n los protocolos de actuaci\u00f3n policial para esta concentraci\u00f3n.<\/p>\n\n\n\n<p>\u201cSeguimos en lo mismo, queremos que sea la presencia m\u00ednima, queremos que sea eso, que sea m\u00ednima la presencia, solamente acompa\u00f1amiento y que se garantice en plenitud el derecho a la expresi\u00f3n y manifestaci\u00f3n\u201d, argument\u00f3.<\/p>\n\n\n\n<p>La primera marcha de este grupo se llev\u00f3 a cabo la tarde del s\u00e1bado s\u00e1bado 15 de noviembre de 2025 en la Ciudad de M\u00e9xico, en protesta a la inseguridad en el pa\u00eds y por el homicidio del alcalde de Uruapan, Carlos Manzo, ocurrido el 1 de noviembre.<\/p>\n\n\n\n<p>El evento termin\u00f3 en actos de violencia por parte de integrantes del llamado Bloque Negro, los cuales terminaron un saldo de 20 civiles y m\u00e1s de 100 polic\u00edas capitalinos heridos, as\u00ed como una veintena de personas detenidas.<\/p>\n\n\n\n<p>La segunda manifestaci\u00f3n del grupo Generaci\u00f3n Z se realiz\u00f3 la tarde del jueves 20 de noviembre, aunque en esta ocasi\u00f3n solo se concentraron unas 150 personas.<\/p>\n","protected":false},"excerpt":{"rendered":"<p>La ma\u00f1ana de este domingo 14 de diciembre de 2025 se llevar\u00e1 a cabo una&#8230;<\/p>\n","protected":false},"author":1,"featured_media":3471,"comment_status":"open","ping_status":"closed","sticky":false,"template":"","format":"standard","meta":{"footnotes":""},"categories":[14],"tags":[],"class_list":["post-3470","post","type-post","status-publish","format-standard","has-post-thumbnail","hentry","category-nacional"],"_links":{"self":[{"href":"https:\/\/agridulcenoticias.com\/index.php\/wp-json\/wp\/v2\/posts\/3470","targetHints":{"allow":["GET"]}}],"collection":[{"href":"https:\/\/agridulcenoticias.com\/index.php\/wp-json\/wp\/v2\/posts"}],"about":[{"href":"https:\/\/agridulcenoticias.com\/index.php\/wp-json\/wp\/v2\/types\/post"}],"author":[{"embeddable":true,"href":"https:\/\/agridulcenoticias.com\/index.php\/wp-json\/wp\/v2\/users\/1"}],"replies":[{"embeddable":true,"href":"https:\/\/agridulcenoticias.com\/index.php\/wp-json\/wp\/v2\/comments?post=3470"}],"version-history":[{"count":1,"href":"https:\/\/agridulcenoticias.com\/index.php\/wp-json\/wp\/v2\/posts\/3470\/revisions"}],"predecessor-version":[{"id":3472,"href":"https:\/\/agridulcenoticias.com\/index.php\/wp-json\/wp\/v2\/posts\/3470\/revisions\/3472"}],"wp:featuredmedia":[{"embeddable":true,"href":"https:\/\/agridulcenoticias.com\/index.php\/wp-json\/wp\/v2\/media\/3471"}],"wp:attachment":[{"href":"https:\/\/agridulcenoticias.com\/index.php\/wp-json\/wp\/v2\/media?parent=3470"}],"wp:term":[{"taxonomy":"category","embeddable":true,"href":"https:\/\/agridulcenoticias.com\/index.php\/wp-json\/wp\/v2\/categories?post=3470"},{"taxonomy":"post_tag","embeddable":true,"href":"https:\/\/agridulcenoticias.com\/index.php\/wp-json\/wp\/v2\/tags?post=3470"}],"curies":[{"name":"wp","href":"https:\/\/api.w.org\/{rel}","templated":true}]}}