{"id":3473,"date":"2025-12-13T13:44:00","date_gmt":"2025-12-13T19:44:00","guid":{"rendered":"https:\/\/agridulcenoticias.com\/?p=3473"},"modified":"2025-12-14T01:51:04","modified_gmt":"2025-12-14T07:51:04","slug":"matan-a-dos-militares-y-un-interprete-estadounidenses-en-emboscada-de-isis-en-siria-trump-advierte-que-habra-represalias","status":"publish","type":"post","link":"https:\/\/agridulcenoticias.com\/index.php\/2025\/12\/13\/matan-a-dos-militares-y-un-interprete-estadounidenses-en-emboscada-de-isis-en-siria-trump-advierte-que-habra-represalias\/","title":{"rendered":"Matan a dos militares y un int\u00e9rprete estadounidenses en \u201cemboscada de ISIS\u201d en Siria; Trump advierte que habr\u00e1 represalias"},"content":{"rendered":"\n<p>Dos soldados del ej\u00e9rcito de los Estados Unidos y un int\u00e9rprete civil estadounidense murieron en una emboscada en Siria<\/p>\n\n\n\n<p>diciembre 13, 2025<\/p>\n\n\n\n<p>Dos militares y un int\u00e9rprete civil estadounidenses murieron este s\u00e1bado 13 de diciembre de 2025 en una \u201cemboscada perpetrada por un tirador solitario del Estado Isl\u00e1mico (ISIS)\u201d en Palmira, Siria, seg\u00fan un comunicado del Comando Central de Estados Unidos (CENTCOM).<\/p>\n\n\n\n<p>El CENTCOM inform\u00f3 de que otros tres militares resultaron heridos y que el atacante fue abatido.<\/p>\n\n\n\n<p>Seg\u00fan detall\u00f3 en sus redes Sean Parnell, principal portavoz del Pent\u00e1gono, el ataque ocurri\u00f3 mientras los soldados manten\u00edan una reuni\u00f3n con l\u00edderes locales.<\/p>\n\n\n\n<p>\u201cEl ataque ocurri\u00f3 mientras los soldados realizaban un combate con un l\u00edder clave. Su misi\u00f3n era apoyar las operaciones antiterroristas y contra el ISIS en curso en la regi\u00f3n\u201d, escribi\u00f3 en X.<\/p>\n\n\n\n<p>Por su parte, el presidente, Donald Trump, lament\u00f3 la p\u00e9rdida de los tres estadounidenses, a los que calific\u00f3 de \u201ctres grandes patriotas\u201d y pidi\u00f3 rezar por ellos y por los tres heridos.<\/p>\n\n\n\n<p>\u201cEste fue un ataque del ISIS contra Estados Unidos y Siria, en una zona muy peligrosa del pa\u00eds, que no est\u00e1 totalmente bajo su control\u201d\u201d, indic\u00f3 en su cuenta de Truth Social.<\/p>\n\n\n\n<p>\u201cTomaremos represalias\u201d, apunt\u00f3 el mandatario estadounidense.<\/p>\n\n\n\n<p>Seg\u00fan declaro, habl\u00f3 con el l\u00edder sirio, Ahmed Al-Sharaa, y este le dijo que est\u00e1 \u201cdevastado\u201d.<\/p>\n\n\n\n<p>Ante la noticia, el secretario de Guerra de Estados Unidos, Pete Hegseth, escribi\u00f3 en su cuenta de X: \u201cSi atacan a estadounidenses, en cualquier parte del mundo, pasar\u00e1n el resto de su corta y angustiosa vida sabiendo que Estados Unidos los perseguir\u00e1, los encontrar\u00e1 y los eliminar\u00e1 sin piedad\u201d.<\/p>\n","protected":false},"excerpt":{"rendered":"<p>Dos soldados del ej\u00e9rcito de los Estados Unidos y un int\u00e9rprete civil estadounidense murieron en&#8230;<\/p>\n","protected":false},"author":1,"featured_media":3474,"comment_status":"open","ping_status":"closed","sticky":false,"template":"","format":"standard","meta":{"footnotes":""},"categories":[15],"tags":[],"class_list":["post-3473","post","type-post","status-publish","format-standard","has-post-thumbnail","hentry","category-internacional"],"_links":{"self":[{"href":"https:\/\/agridulcenoticias.com\/index.php\/wp-json\/wp\/v2\/posts\/3473","targetHints":{"allow":["GET"]}}],"collection":[{"href":"https:\/\/agridulcenoticias.com\/index.php\/wp-json\/wp\/v2\/posts"}],"about":[{"href":"https:\/\/agridulcenoticias.com\/index.php\/wp-json\/wp\/v2\/types\/post"}],"author":[{"embeddable":true,"href":"https:\/\/agridulcenoticias.com\/index.php\/wp-json\/wp\/v2\/users\/1"}],"replies":[{"embeddable":true,"href":"https:\/\/agridulcenoticias.com\/index.php\/wp-json\/wp\/v2\/comments?post=3473"}],"version-history":[{"count":1,"href":"https:\/\/agridulcenoticias.com\/index.php\/wp-json\/wp\/v2\/posts\/3473\/revisions"}],"predecessor-version":[{"id":3475,"href":"https:\/\/agridulcenoticias.com\/index.php\/wp-json\/wp\/v2\/posts\/3473\/revisions\/3475"}],"wp:featuredmedia":[{"embeddable":true,"href":"https:\/\/agridulcenoticias.com\/index.php\/wp-json\/wp\/v2\/media\/3474"}],"wp:attachment":[{"href":"https:\/\/agridulcenoticias.com\/index.php\/wp-json\/wp\/v2\/media?parent=3473"}],"wp:term":[{"taxonomy":"category","embeddable":true,"href":"https:\/\/agridulcenoticias.com\/index.php\/wp-json\/wp\/v2\/categories?post=3473"},{"taxonomy":"post_tag","embeddable":true,"href":"https:\/\/agridulcenoticias.com\/index.php\/wp-json\/wp\/v2\/tags?post=3473"}],"curies":[{"name":"wp","href":"https:\/\/api.w.org\/{rel}","templated":true}]}}