{"id":3479,"date":"2025-12-13T13:55:00","date_gmt":"2025-12-13T19:55:00","guid":{"rendered":"https:\/\/agridulcenoticias.com\/?p=3479"},"modified":"2025-12-14T02:00:48","modified_gmt":"2025-12-14T08:00:48","slug":"google-cloud-obtiene-record-mundial-guinness-cual-fue-y-por-que","status":"publish","type":"post","link":"https:\/\/agridulcenoticias.com\/index.php\/2025\/12\/13\/google-cloud-obtiene-record-mundial-guinness-cual-fue-y-por-que\/","title":{"rendered":"Google Cloud obtiene R\u00e9cord Mundial Guinness: \u00bfcu\u00e1l fue y por qu\u00e9?"},"content":{"rendered":"\n<p>Una clase h\u00edbrida sobre IA llev\u00f3 a Google Cloud a recibir el t\u00edtulo de R\u00e9cord Mundial Guinness<\/p>\n\n\n\n<p>diciembre 11, 2025<\/p>\n\n\n\n<p>Google Cloud obtuvo un R\u00e9cord Mundial Guinness, un logro sin precedentes.<\/p>\n\n\n\n<p>El t\u00edtulo lo alcanz\u00f3 gracias a su iniciativa Capacita+Aprende IA con Google Cloud.<\/p>\n\n\n\n<p>El pasado 6 de diciembre se llev\u00f3 a cabo una clase h\u00edbrida sobre IA en la que participaron miles de estudiantes y profesionales no t\u00e9cnicos de 50 universidades en 9 pa\u00edses de Am\u00e9rica Latina.<\/p>\n\n\n\n<p>Esta masiva convocatoria refuerza el compromiso de la compa\u00f1\u00eda con la democratizaci\u00f3n del acceso a la tecnolog\u00eda y el desarrollo del talento digital en la regi\u00f3n\u201d, destac\u00f3 Google Cloud.<\/p>\n\n\n\n<p>El evento llev\u00f3 a Google Cloud a recibir el t\u00edtulo de Guinness World Records.<\/p>\n\n\n\n<p>La certificaci\u00f3n del R\u00e9cord Mundial Guinness de la clase h\u00edbrida simult\u00e1nea m\u00e1s grande prueba la escala de nuestro compromiso y la capacidad de movilizar a miles de personas, demostrando que la capacitaci\u00f3n de alto impacto es totalmente alcanzable en la regi\u00f3n\u201d, dijo Eduardo L\u00f3pez, presidente de Google Cloud para Am\u00e9rica Latina.<\/p>\n\n\n\n<p>La iniciativa Capacita+Aprende IA respondi\u00f3 a una transformaci\u00f3n inminente del mercado laboral, pues el Foro Econ\u00f3mico Mundial proyecta que el 50 por ciento de las habilidades esenciales de los trabajadores sufrir\u00e1 una transformaci\u00f3n significativa para 2030.<\/p>\n\n\n\n<p>Se advierte que la IA acelerar\u00e1 este cambio, impactando al 68 por ciento de todas las habilidades.<\/p>\n\n\n\n<p>El objetivo de la capacitaci\u00f3n fue desmitificar a la inteligencia artificial y empoderar a perfiles no t\u00e9cnicos.<\/p>\n\n\n\n<p>A trav\u00e9s de la ruta de aprendizaje \u201cL\u00edder en IA Generativa\u201c, los participantes se entrenaron en el uso de Gemini, el modelo de IA de Google, para potenciar la productividad en herramientas como Google Workspace y NotebookLM.<\/p>\n\n\n\n<p>Adem\u00e1s, la capacitaci\u00f3n se centr\u00f3 en la ingenier\u00eda de prompts (prompt engineering) y la experiencia no-code (sin c\u00f3digo), permitiendo a los participantes crear sus propios agentes de IA.<\/p>\n\n\n\n<p>El contenido de Capacita+ estar\u00e1 disponible en l\u00ednea para que m\u00e1s personas puedan aprender.<\/p>\n","protected":false},"excerpt":{"rendered":"<p>Una clase h\u00edbrida sobre IA llev\u00f3 a Google Cloud a recibir el t\u00edtulo de R\u00e9cord&#8230;<\/p>\n","protected":false},"author":1,"featured_media":3480,"comment_status":"open","ping_status":"closed","sticky":false,"template":"","format":"standard","meta":{"footnotes":""},"categories":[10],"tags":[],"class_list":["post-3479","post","type-post","status-publish","format-standard","has-post-thumbnail","hentry","category-tecnologia"],"_links":{"self":[{"href":"https:\/\/agridulcenoticias.com\/index.php\/wp-json\/wp\/v2\/posts\/3479","targetHints":{"allow":["GET"]}}],"collection":[{"href":"https:\/\/agridulcenoticias.com\/index.php\/wp-json\/wp\/v2\/posts"}],"about":[{"href":"https:\/\/agridulcenoticias.com\/index.php\/wp-json\/wp\/v2\/types\/post"}],"author":[{"embeddable":true,"href":"https:\/\/agridulcenoticias.com\/index.php\/wp-json\/wp\/v2\/users\/1"}],"replies":[{"embeddable":true,"href":"https:\/\/agridulcenoticias.com\/index.php\/wp-json\/wp\/v2\/comments?post=3479"}],"version-history":[{"count":1,"href":"https:\/\/agridulcenoticias.com\/index.php\/wp-json\/wp\/v2\/posts\/3479\/revisions"}],"predecessor-version":[{"id":3481,"href":"https:\/\/agridulcenoticias.com\/index.php\/wp-json\/wp\/v2\/posts\/3479\/revisions\/3481"}],"wp:featuredmedia":[{"embeddable":true,"href":"https:\/\/agridulcenoticias.com\/index.php\/wp-json\/wp\/v2\/media\/3480"}],"wp:attachment":[{"href":"https:\/\/agridulcenoticias.com\/index.php\/wp-json\/wp\/v2\/media?parent=3479"}],"wp:term":[{"taxonomy":"category","embeddable":true,"href":"https:\/\/agridulcenoticias.com\/index.php\/wp-json\/wp\/v2\/categories?post=3479"},{"taxonomy":"post_tag","embeddable":true,"href":"https:\/\/agridulcenoticias.com\/index.php\/wp-json\/wp\/v2\/tags?post=3479"}],"curies":[{"name":"wp","href":"https:\/\/api.w.org\/{rel}","templated":true}]}}