{"id":3498,"date":"2025-12-15T11:13:45","date_gmt":"2025-12-15T17:13:45","guid":{"rendered":"https:\/\/agridulcenoticias.com\/?p=3498"},"modified":"2025-12-15T11:13:47","modified_gmt":"2025-12-15T17:13:47","slug":"rescatan-tradiciones-huastecas-en-tampico-durante-celebracion-navidena-2","status":"publish","type":"post","link":"https:\/\/agridulcenoticias.com\/index.php\/2025\/12\/15\/rescatan-tradiciones-huastecas-en-tampico-durante-celebracion-navidena-2\/","title":{"rendered":"Rescatan tradiciones huastecas en Tampico durante celebraci\u00f3n navide\u00f1a"},"content":{"rendered":"\n<p>TAMPICO, TAMAULIPAS. \u2013 Con el objetivo de preservar la identidad cultural y fortalecer el tejido social, el Gobierno Municipal de Tampico, encabezado por la alcaldesa M\u00f3nica Villarreal Anaya, llev\u00f3 a cabo el evento \u201cNavidad en la Huasteca, con Petici\u00f3n de Aguinaldos\u201d, como parte del programa \u201cUna Navidad que va con Todos\u201d, a trav\u00e9s de la Secretar\u00eda de Cultura.<\/p>\n\n\n\n<p>El titular de la dependencia, David Rodr\u00edguez de la Pe\u00f1a, se\u00f1al\u00f3 que la instrucci\u00f3n de la autoridad municipal es impulsar pol\u00edticas p\u00fablicas orientadas a la recuperaci\u00f3n, promoci\u00f3n y difusi\u00f3n de las tradiciones que dan identidad a Tampico y fortalecen el sentido de pertenencia entre la ciudadan\u00eda.<\/p>\n\n\n\n<p>Destac\u00f3 que este evento, que cont\u00f3 con la presencia de la titular del Sistema DIF Tampico, Luz Adriana Villarreal Anaya, en representaci\u00f3n de la Presidenta Municipal, refleja una gesti\u00f3n cercana a la gente, que reconoce a la cultura como un eje fundamental para la cohesi\u00f3n social y el desarrollo comunitario.<\/p>\n\n\n\n<p>El recorrido festivo inici\u00f3 en la Plaza de la Libertad y concluy\u00f3 en la Plaza de Armas, convirtiendo los principales espacios del centro hist\u00f3rico en puntos de convivencia familiar, celebraci\u00f3n y orgullo por las ra\u00edces huastecas que distinguen a la ciudad.<\/p>\n\n\n\n<p>Durante el trayecto se realiz\u00f3 la tradicional petici\u00f3n de aguinaldos en cuatro puntos estrat\u00e9gicos, acompa\u00f1ada de verser\u00eda y m\u00fasica interpretada por tr\u00edos huastecos, promoviendo la participaci\u00f3n ciudadana y el reconocimiento de las expresiones culturales tradicionales como patrimonio vivo de la regi\u00f3n.<\/p>\n\n\n\n<p>La celebraci\u00f3n culmin\u00f3 en el P\u00f3rtico del Palacio Municipal, donde las familias tampique\u00f1as disfrutaron de presentaciones art\u00edsticas y una entra\u00f1able pastorela, reafirmando el valor de las tradiciones navide\u00f1as como espacios de uni\u00f3n, reflexi\u00f3n y convivencia social.<\/p>\n\n\n\n<p>El evento dio inicio a las 17:00 horas y cont\u00f3 con una nutrida asistencia de ciudadanos, artistas y familias, reflejando el inter\u00e9s y la confianza de la comunidad en las acciones impulsadas por la actual administraci\u00f3n municipal.<\/p>\n\n\n\n<p>Con estas actividades, el Gobierno Municipal de Tampico concluye adem\u00e1s las jornadas de la Paz, una estrategia que busca generar entornos seguros a la ciudadan\u00eda.<\/p>\n\n\n\n<p>En este evento estuvieron presentes; la directora de Educaci\u00f3n, Alejandra S\u00e1nchez S\u00e1nchez; la secretaria t\u00e9cnica regional de la Secretar\u00eda de Seguridad P\u00fablica, Diana Tejeda M\u00e1rquez, as\u00ed como s\u00edndicos y regidores.<\/p>\n","protected":false},"excerpt":{"rendered":"<p>TAMPICO, TAMAULIPAS. \u2013 Con el objetivo de preservar la identidad cultural y fortalecer el tejido&#8230;<\/p>\n","protected":false},"author":1,"featured_media":3499,"comment_status":"open","ping_status":"closed","sticky":false,"template":"","format":"standard","meta":{"footnotes":""},"categories":[5,2],"tags":[],"class_list":["post-3498","post","type-post","status-publish","format-standard","has-post-thumbnail","hentry","category-tamaulipas","category-tampico"],"_links":{"self":[{"href":"https:\/\/agridulcenoticias.com\/index.php\/wp-json\/wp\/v2\/posts\/3498","targetHints":{"allow":["GET"]}}],"collection":[{"href":"https:\/\/agridulcenoticias.com\/index.php\/wp-json\/wp\/v2\/posts"}],"about":[{"href":"https:\/\/agridulcenoticias.com\/index.php\/wp-json\/wp\/v2\/types\/post"}],"author":[{"embeddable":true,"href":"https:\/\/agridulcenoticias.com\/index.php\/wp-json\/wp\/v2\/users\/1"}],"replies":[{"embeddable":true,"href":"https:\/\/agridulcenoticias.com\/index.php\/wp-json\/wp\/v2\/comments?post=3498"}],"version-history":[{"count":1,"href":"https:\/\/agridulcenoticias.com\/index.php\/wp-json\/wp\/v2\/posts\/3498\/revisions"}],"predecessor-version":[{"id":3500,"href":"https:\/\/agridulcenoticias.com\/index.php\/wp-json\/wp\/v2\/posts\/3498\/revisions\/3500"}],"wp:featuredmedia":[{"embeddable":true,"href":"https:\/\/agridulcenoticias.com\/index.php\/wp-json\/wp\/v2\/media\/3499"}],"wp:attachment":[{"href":"https:\/\/agridulcenoticias.com\/index.php\/wp-json\/wp\/v2\/media?parent=3498"}],"wp:term":[{"taxonomy":"category","embeddable":true,"href":"https:\/\/agridulcenoticias.com\/index.php\/wp-json\/wp\/v2\/categories?post=3498"},{"taxonomy":"post_tag","embeddable":true,"href":"https:\/\/agridulcenoticias.com\/index.php\/wp-json\/wp\/v2\/tags?post=3498"}],"curies":[{"name":"wp","href":"https:\/\/api.w.org\/{rel}","templated":true}]}}