{"id":3522,"date":"2025-12-15T23:28:00","date_gmt":"2025-12-16T05:28:00","guid":{"rendered":"https:\/\/agridulcenoticias.com\/?p=3522"},"modified":"2025-12-16T11:32:58","modified_gmt":"2025-12-16T17:32:58","slug":"influenza-a-h3n2-no-es-amenaza-asegura-david-kershenobich-titular-de-salud-pidio-vacunarse","status":"publish","type":"post","link":"https:\/\/agridulcenoticias.com\/index.php\/2025\/12\/15\/influenza-a-h3n2-no-es-amenaza-asegura-david-kershenobich-titular-de-salud-pidio-vacunarse\/","title":{"rendered":"Influenza A H3N2 no es amenaza, asegura David Kershenobich; titular de Salud pidi\u00f3 vacunarse"},"content":{"rendered":"\n<p>David Kershenobich, titular de Salud federal, pidi\u00f3 a la pOblaci\u00f3n vacunarse contra la variante K de la influenza A H3N2<\/p>\n\n\n\n<p>diciembre 15, 2025<\/p>\n\n\n\n<p>David Kershenobich, secretario de Salud federal, dej\u00f3 en claro que no es una amenaza para el pa\u00eds la variante K de influenza A H3N2, cuyo primer caso fue detectado la semana pasada.<\/p>\n\n\n\n<p>En entrevista con Joaqu\u00edn L\u00f3pez-D\u00f3riga para su espacio en Radio F\u00f3rmula, Kershenobich Stalnikowitz dej\u00f3 en claro que esta enfermedad se puede prevenir vacun\u00e1ndose.<\/p>\n\n\n\n<p>Es una variante de influenza (\u2026) El subclado K quiere decir que es un subtipo especial, pero la parte m\u00e1s importante es que no hay que considerarlo como una amenaza\u201d, indic\u00f3.<\/p>\n\n\n\n<p>\u201cEs una tipo de influenza habitual que puede ocurrir as\u00ed como ocurre el H1N1 y no significa mayor cosa en el sentido de que se puede prevenir con la vacunaci\u00f3n de influenza. La vacuna que tenemos actualmente de influenza protege contra este tipo de variante.<\/p>\n\n\n\n<p>Apunt\u00f3 que si alguien se vacuna contra la influenza \u201cprobablemente no desarrolle la infecci\u00f3n y si la llega a desarrollar, la vacuna previene complicaciones\u201d.<\/p>\n\n\n\n<p>El titular de Salud federal indic\u00f3 que la dependencia a su cargo tiene la suficiente vacuna para cubrir a toda la poblaci\u00f3n.<\/p>\n\n\n\n<p>\u201cEn este momento se ha vacunado aproximadamente el 48 por ciento de la poblaci\u00f3n. Nosotros quisi\u00e9ramos llegar al 100% de las personas que se deben de vacunar, sobre todo personas adultas mayores o personas que tengan alguna otra comorbilidad. El a\u00f1o pasado, afortunadamente, con el uso de la vacuna de influenza pudimos tener una muy buena respuesta y espero que sea lo mismo este a\u00f1o\u201d, agreg\u00f3.<\/p>\n\n\n\n<p>\u201cEn este momento los casos de influenza que tenemos son los habituales en esta temporada invernal. Pero el mensaje que es muy importante es no es una variedad especial y eh estamos contamos con la vacuna\u201d, argument\u00f3.<\/p>\n\n\n\n<p>El funcionario federal exhort\u00f3 a la poblaci\u00f3n acudir a los centros de salud y a las unidades m\u00e9dicas y puestos de vacunaci\u00f3n para aplicarse las vacunas correspondientes a la temporada invernal, particularmente COVID-19, influenza y neumococo, las cuales ayudan a reducir riesgos, prevenir complicaciones y proteger la salud.<\/p>\n\n\n\n<p>Dichos f\u00e1rmacos est\u00e1n prioritariamente dirigidos a ni\u00f1os, personas adultas mayores, mujeres embarazadas, personal de salud y personas con comorbilidades de riesgo.<\/p>\n\n\n\n<p>Salud federal confirm\u00f3 el viernes 12 de ediciembre de 2025 el primer caso detectado del virus de influenza A H3N2 subtipo K, y asegur\u00f3 que no representa un motivo de alarma para la poblaci\u00f3n.<\/p>\n\n\n\n<p>Dicho caso fue confirmado por el Instituto Nacional de Enfermedades Respiratorias (INER), ubicado en la Ciudad de M\u00e9xico.<\/p>\n\n\n\n<p>El paciente \u201cse encuentra ya recuperado\u201d, tras responder favorablemente a un tratamiento ambulatorio con medicaci\u00f3n antiviral.<\/p>\n\n\n\n<p>La dependencia agreg\u00f3 que el Sistema Nacional de Vigilancia Epidemiol\u00f3gica (Sinave) mantiene un monitoreo y an\u00e1lisis permanente para detectar oportunamente cualquier eventual caso.<\/p>\n","protected":false},"excerpt":{"rendered":"<p>David Kershenobich, titular de Salud federal, pidi\u00f3 a la pOblaci\u00f3n vacunarse contra la variante K&#8230;<\/p>\n","protected":false},"author":1,"featured_media":3523,"comment_status":"open","ping_status":"closed","sticky":false,"template":"","format":"standard","meta":{"footnotes":""},"categories":[14],"tags":[],"class_list":["post-3522","post","type-post","status-publish","format-standard","has-post-thumbnail","hentry","category-nacional"],"_links":{"self":[{"href":"https:\/\/agridulcenoticias.com\/index.php\/wp-json\/wp\/v2\/posts\/3522","targetHints":{"allow":["GET"]}}],"collection":[{"href":"https:\/\/agridulcenoticias.com\/index.php\/wp-json\/wp\/v2\/posts"}],"about":[{"href":"https:\/\/agridulcenoticias.com\/index.php\/wp-json\/wp\/v2\/types\/post"}],"author":[{"embeddable":true,"href":"https:\/\/agridulcenoticias.com\/index.php\/wp-json\/wp\/v2\/users\/1"}],"replies":[{"embeddable":true,"href":"https:\/\/agridulcenoticias.com\/index.php\/wp-json\/wp\/v2\/comments?post=3522"}],"version-history":[{"count":1,"href":"https:\/\/agridulcenoticias.com\/index.php\/wp-json\/wp\/v2\/posts\/3522\/revisions"}],"predecessor-version":[{"id":3524,"href":"https:\/\/agridulcenoticias.com\/index.php\/wp-json\/wp\/v2\/posts\/3522\/revisions\/3524"}],"wp:featuredmedia":[{"embeddable":true,"href":"https:\/\/agridulcenoticias.com\/index.php\/wp-json\/wp\/v2\/media\/3523"}],"wp:attachment":[{"href":"https:\/\/agridulcenoticias.com\/index.php\/wp-json\/wp\/v2\/media?parent=3522"}],"wp:term":[{"taxonomy":"category","embeddable":true,"href":"https:\/\/agridulcenoticias.com\/index.php\/wp-json\/wp\/v2\/categories?post=3522"},{"taxonomy":"post_tag","embeddable":true,"href":"https:\/\/agridulcenoticias.com\/index.php\/wp-json\/wp\/v2\/tags?post=3522"}],"curies":[{"name":"wp","href":"https:\/\/api.w.org\/{rel}","templated":true}]}}