{"id":3552,"date":"2025-12-17T10:29:49","date_gmt":"2025-12-17T16:29:49","guid":{"rendered":"https:\/\/agridulcenoticias.com\/?p=3552"},"modified":"2025-12-18T10:33:43","modified_gmt":"2025-12-18T16:33:43","slug":"este-jueves-18-inician-vacaciones-en-el-ayuntamiento-de-madero","status":"publish","type":"post","link":"https:\/\/agridulcenoticias.com\/index.php\/2025\/12\/17\/este-jueves-18-inician-vacaciones-en-el-ayuntamiento-de-madero\/","title":{"rendered":"Este jueves 18 inician vacaciones en el Ayuntamiento de Madero"},"content":{"rendered":"\n<p>CIUDAD MADERO, TAMPS. \u2013 El personal administrativo del Ayuntamiento de Ciudad Madero iniciar\u00e1 su periodo vacacional a partir del jueves 18 de diciembre, inform\u00f3 Manuel Galv\u00e1n, director de Recursos Humanos del municipio.<\/p>\n\n\n\n<p>El funcionario detall\u00f3 que, durante este lapso, se contar\u00e1 con personal de guardia en un horario de 9:00 a 13:00 horas, con el objetivo de atender asuntos prioritarios, hasta el pr\u00f3ximo 23 de diciembre. Posteriormente, se reanudar\u00e1n labores del 28 al 31 de diciembre.<\/p>\n\n\n\n<p>Indic\u00f3 que el regreso en pleno del Ayuntamiento est\u00e1 programado para el d\u00eda 5 de enero, fecha en la que se reanudar\u00e1n de manera normal las actividades administrativas.<\/p>\n\n\n\n<p>Galv\u00e1n se\u00f1al\u00f3 que aproximadamente 1200 trabajadores son los que saldr\u00e1n de vacaciones, precisando que los servicios esenciales continuar\u00e1n operando con normalidad para no afectar a la ciudadan\u00eda.<\/p>\n\n\n\n<p>Asimismo, afirm\u00f3 que el pago del aguinaldo fue cubierto al 100 por ciento a todos los trabajadores municipales, cumpliendo en tiempo y forma con esta prestaci\u00f3n laboral.<\/p>\n","protected":false},"excerpt":{"rendered":"<p>CIUDAD MADERO, TAMPS. \u2013 El personal administrativo del Ayuntamiento de Ciudad Madero iniciar\u00e1 su periodo&#8230;<\/p>\n","protected":false},"author":1,"featured_media":3553,"comment_status":"open","ping_status":"closed","sticky":false,"template":"","format":"standard","meta":{"footnotes":""},"categories":[3],"tags":[],"class_list":["post-3552","post","type-post","status-publish","format-standard","has-post-thumbnail","hentry","category-madero"],"_links":{"self":[{"href":"https:\/\/agridulcenoticias.com\/index.php\/wp-json\/wp\/v2\/posts\/3552","targetHints":{"allow":["GET"]}}],"collection":[{"href":"https:\/\/agridulcenoticias.com\/index.php\/wp-json\/wp\/v2\/posts"}],"about":[{"href":"https:\/\/agridulcenoticias.com\/index.php\/wp-json\/wp\/v2\/types\/post"}],"author":[{"embeddable":true,"href":"https:\/\/agridulcenoticias.com\/index.php\/wp-json\/wp\/v2\/users\/1"}],"replies":[{"embeddable":true,"href":"https:\/\/agridulcenoticias.com\/index.php\/wp-json\/wp\/v2\/comments?post=3552"}],"version-history":[{"count":1,"href":"https:\/\/agridulcenoticias.com\/index.php\/wp-json\/wp\/v2\/posts\/3552\/revisions"}],"predecessor-version":[{"id":3554,"href":"https:\/\/agridulcenoticias.com\/index.php\/wp-json\/wp\/v2\/posts\/3552\/revisions\/3554"}],"wp:featuredmedia":[{"embeddable":true,"href":"https:\/\/agridulcenoticias.com\/index.php\/wp-json\/wp\/v2\/media\/3553"}],"wp:attachment":[{"href":"https:\/\/agridulcenoticias.com\/index.php\/wp-json\/wp\/v2\/media?parent=3552"}],"wp:term":[{"taxonomy":"category","embeddable":true,"href":"https:\/\/agridulcenoticias.com\/index.php\/wp-json\/wp\/v2\/categories?post=3552"},{"taxonomy":"post_tag","embeddable":true,"href":"https:\/\/agridulcenoticias.com\/index.php\/wp-json\/wp\/v2\/tags?post=3552"}],"curies":[{"name":"wp","href":"https:\/\/api.w.org\/{rel}","templated":true}]}}