{"id":3670,"date":"2025-12-22T12:03:19","date_gmt":"2025-12-22T18:03:19","guid":{"rendered":"https:\/\/agridulcenoticias.com\/?p=3670"},"modified":"2025-12-23T12:06:54","modified_gmt":"2025-12-23T18:06:54","slug":"americo-villarreal-rechaza-concentrar-concesiones-de-agua","status":"publish","type":"post","link":"https:\/\/agridulcenoticias.com\/index.php\/2025\/12\/22\/americo-villarreal-rechaza-concentrar-concesiones-de-agua\/","title":{"rendered":"Am\u00e9rico Villarreal rechaza concentrar concesiones de agua"},"content":{"rendered":"\n<p>El gobierno de Tamaulipas asegur\u00f3 que los t\u00edtulos no est\u00e1n registrados \u201cjur\u00eddicamente a su nombre\u201d.<\/p>\n\n\n\n<p>CIUDAD VICTORIA, TAMPS. El gobernador de Tamaulipas, Am\u00e9rico Villarreal Anaya, rechaz\u00f3 concentrar concesiones de agua y asegur\u00f3 que los t\u00edtulos que aparecen a su nombre en el Registro P\u00fablico de Derechos de Agua (REPDA) no pertenecen al titular del Ejecutivo estatal, sino que est\u00e1n vinculados a herencias familiares y a procesos de regularizaci\u00f3n previstos en la ley.<\/p>\n\n\n\n<p>A trav\u00e9s de una carta firmada por el coordinador de Comunicaci\u00f3n Social del gobierno estatal, Francisco Cu\u00e9llar Cardona, el gobierno del mandatario se\u00f1al\u00f3 que ninguna de las concesiones mencionadas en una nota publicada \u201cPol\u00edticos acumulan concesiones de agua que equivalen a m\u00e1s de 2 mil albercas ol\u00edmpicas al a\u00f1o\u201d ha estado \u00abregistrada jur\u00eddicamente\u00bb a su nombre.<\/p>\n\n\n\n<p>En el escrito, el gobierno de Tamaulipas argumenta que las concesiones ubicadas en Guanajuato dejaron de formar parte del patrimonio familiar hace aproximadamente 6 a\u00f1os, luego de que los terrenos, propiedad del padre del gobernador y posteriormente heredados a su madre, fueron vendidos.<\/p>\n\n\n\n<p>Respecto a los t\u00edtulos localizados en el municipio de Padilla, Tamaulipas, el equipo del gobernador indic\u00f3 que \u00e9stos pertenecieron a su padre, fallecido hace 15 a\u00f1os, y que el tr\u00e1mite corresponde a una regularizaci\u00f3n sucesoria.<\/p>\n\n\n\n<p>De acuerdo con una revisi\u00f3n realizada por medios de comunicaci\u00f3n, el nombre de Am\u00e9rico Villarreal Anaya aparece en el Repda asociado a siete concesiones de agua para usos agr\u00edcolas y pecuarios, con un volumen total de 381 mil 951 metros c\u00fabicos anuales, 5 de ellas en Tamaulipas y 2 en Guanajuato, registradas entre 1998 y 2025.<\/p>\n\n\n\n<p><\/p>\n","protected":false},"excerpt":{"rendered":"<p>El gobierno de Tamaulipas asegur\u00f3 que los t\u00edtulos no est\u00e1n registrados \u201cjur\u00eddicamente a su nombre\u201d&#8230;.<\/p>\n","protected":false},"author":1,"featured_media":3671,"comment_status":"open","ping_status":"closed","sticky":false,"template":"","format":"standard","meta":{"footnotes":""},"categories":[5],"tags":[],"class_list":["post-3670","post","type-post","status-publish","format-standard","has-post-thumbnail","hentry","category-tamaulipas"],"_links":{"self":[{"href":"https:\/\/agridulcenoticias.com\/index.php\/wp-json\/wp\/v2\/posts\/3670","targetHints":{"allow":["GET"]}}],"collection":[{"href":"https:\/\/agridulcenoticias.com\/index.php\/wp-json\/wp\/v2\/posts"}],"about":[{"href":"https:\/\/agridulcenoticias.com\/index.php\/wp-json\/wp\/v2\/types\/post"}],"author":[{"embeddable":true,"href":"https:\/\/agridulcenoticias.com\/index.php\/wp-json\/wp\/v2\/users\/1"}],"replies":[{"embeddable":true,"href":"https:\/\/agridulcenoticias.com\/index.php\/wp-json\/wp\/v2\/comments?post=3670"}],"version-history":[{"count":1,"href":"https:\/\/agridulcenoticias.com\/index.php\/wp-json\/wp\/v2\/posts\/3670\/revisions"}],"predecessor-version":[{"id":3672,"href":"https:\/\/agridulcenoticias.com\/index.php\/wp-json\/wp\/v2\/posts\/3670\/revisions\/3672"}],"wp:featuredmedia":[{"embeddable":true,"href":"https:\/\/agridulcenoticias.com\/index.php\/wp-json\/wp\/v2\/media\/3671"}],"wp:attachment":[{"href":"https:\/\/agridulcenoticias.com\/index.php\/wp-json\/wp\/v2\/media?parent=3670"}],"wp:term":[{"taxonomy":"category","embeddable":true,"href":"https:\/\/agridulcenoticias.com\/index.php\/wp-json\/wp\/v2\/categories?post=3670"},{"taxonomy":"post_tag","embeddable":true,"href":"https:\/\/agridulcenoticias.com\/index.php\/wp-json\/wp\/v2\/tags?post=3670"}],"curies":[{"name":"wp","href":"https:\/\/api.w.org\/{rel}","templated":true}]}}