{"id":3693,"date":"2025-12-23T15:28:00","date_gmt":"2025-12-23T21:28:00","guid":{"rendered":"https:\/\/agridulcenoticias.com\/?p=3693"},"modified":"2025-12-25T03:30:24","modified_gmt":"2025-12-25T09:30:24","slug":"localizan-sin-vida-a-ultima-persona-tras-accidente-aereo-semar-acompana-a-familias","status":"publish","type":"post","link":"https:\/\/agridulcenoticias.com\/index.php\/2025\/12\/23\/localizan-sin-vida-a-ultima-persona-tras-accidente-aereo-semar-acompana-a-familias\/","title":{"rendered":"Localizan sin vida a \u00faltima persona tras accidente a\u00e9reo; Semar acompa\u00f1a a familias"},"content":{"rendered":"\n<p>Con la localizaci\u00f3n del cuerpo de la \u00faltima persona desaparecida tras el accidente a\u00e9reo, la SEMAR da por concluida la fase de b\u00fasqueda<\/p>\n\n\n\n<p>diciembre 23, 2025<\/p>\n\n\n\n<p>La Secretar\u00eda de Marina (Semar) confirm\u00f3 la localizaci\u00f3n del cuerpo de la \u00faltima persona que permanec\u00eda desaparecida tras el accidente a\u00e9reo ocurrido este lunes, con lo que se da por concluida la fase de b\u00fasqueda.<\/p>\n\n\n\n<p>El hallazgo se realiz\u00f3 con el apoyo de autoridades locales, en coordinaci\u00f3n con instancias nacionales e internacionales.<\/p>\n\n\n\n<p>Con este resultado, el saldo final del siniestro es de seis personas fallecidas y dos sobrevivientes, quienes se reportan estables y contin\u00faan bajo atenci\u00f3n m\u00e9dica especializada.<\/p>\n\n\n\n<p>Desde el primer momento, la Instituci\u00f3n activ\u00f3 los protocolos de respuesta y mantuvo una estrecha coordinaci\u00f3n interinstitucional para atender la emergencia y brindar apoyo a los afectados.<\/p>\n\n\n\n<p>\u201cLa Secretar\u00eda de Marina expresa su profundo pesar por el fallecimiento de seis de las ocho personas involucradas en este lamentable suceso\u201d, se\u00f1al\u00f3 la dependencia en un comunicado oficial.<\/p>\n\n\n\n<p>Adem\u00e1s de las labores operativas, la SEMAR ha mantenido un acompa\u00f1amiento cercano a los familiares de las v\u00edctimas, con el objetivo de proporcionarles apoyo integral durante este proceso.<\/p>\n\n\n\n<p>En estas acciones ha sido fundamental la colaboraci\u00f3n de la Secretar\u00eda de Relaciones Exteriores, as\u00ed como del Consulado General de M\u00e9xico en Houston y diversas autoridades locales de los Estados Unidos.<\/p>\n\n\n\n<p>La Instituci\u00f3n agradeci\u00f3 las m\u00faltiples muestras de solidaridad recibidas y reiter\u00f3 su compromiso de mantener una comunicaci\u00f3n clara, responsable y respetuosa, en apego a la sensibilidad que exige un hecho de esta naturaleza.<\/p>\n","protected":false},"excerpt":{"rendered":"<p>Con la localizaci\u00f3n del cuerpo de la \u00faltima persona desaparecida tras el accidente a\u00e9reo, la&#8230;<\/p>\n","protected":false},"author":1,"featured_media":3694,"comment_status":"open","ping_status":"closed","sticky":false,"template":"","format":"standard","meta":{"footnotes":""},"categories":[14],"tags":[],"class_list":["post-3693","post","type-post","status-publish","format-standard","has-post-thumbnail","hentry","category-nacional"],"_links":{"self":[{"href":"https:\/\/agridulcenoticias.com\/index.php\/wp-json\/wp\/v2\/posts\/3693","targetHints":{"allow":["GET"]}}],"collection":[{"href":"https:\/\/agridulcenoticias.com\/index.php\/wp-json\/wp\/v2\/posts"}],"about":[{"href":"https:\/\/agridulcenoticias.com\/index.php\/wp-json\/wp\/v2\/types\/post"}],"author":[{"embeddable":true,"href":"https:\/\/agridulcenoticias.com\/index.php\/wp-json\/wp\/v2\/users\/1"}],"replies":[{"embeddable":true,"href":"https:\/\/agridulcenoticias.com\/index.php\/wp-json\/wp\/v2\/comments?post=3693"}],"version-history":[{"count":1,"href":"https:\/\/agridulcenoticias.com\/index.php\/wp-json\/wp\/v2\/posts\/3693\/revisions"}],"predecessor-version":[{"id":3695,"href":"https:\/\/agridulcenoticias.com\/index.php\/wp-json\/wp\/v2\/posts\/3693\/revisions\/3695"}],"wp:featuredmedia":[{"embeddable":true,"href":"https:\/\/agridulcenoticias.com\/index.php\/wp-json\/wp\/v2\/media\/3694"}],"wp:attachment":[{"href":"https:\/\/agridulcenoticias.com\/index.php\/wp-json\/wp\/v2\/media?parent=3693"}],"wp:term":[{"taxonomy":"category","embeddable":true,"href":"https:\/\/agridulcenoticias.com\/index.php\/wp-json\/wp\/v2\/categories?post=3693"},{"taxonomy":"post_tag","embeddable":true,"href":"https:\/\/agridulcenoticias.com\/index.php\/wp-json\/wp\/v2\/tags?post=3693"}],"curies":[{"name":"wp","href":"https:\/\/api.w.org\/{rel}","templated":true}]}}