{"id":3709,"date":"2025-12-23T15:54:00","date_gmt":"2025-12-23T21:54:00","guid":{"rendered":"https:\/\/agridulcenoticias.com\/?p=3709"},"modified":"2025-12-25T04:01:03","modified_gmt":"2025-12-25T10:01:03","slug":"operacion-pez-vela-2025-detienen-a-29-presuntos-delincuentes-en-colima-en-una-semana","status":"publish","type":"post","link":"https:\/\/agridulcenoticias.com\/index.php\/2025\/12\/23\/operacion-pez-vela-2025-detienen-a-29-presuntos-delincuentes-en-colima-en-una-semana\/","title":{"rendered":"Operaci\u00f3n Pez Vela 2025: Detienen a 29 presuntos delincuentes en Colima en una semana"},"content":{"rendered":"\n<p>La Secretar\u00eda de Marina inform\u00f3 de los resultados en materia de seguridad de la Operaci\u00f3n Pez Vela 2025 en municipios de Colima<\/p>\n\n\n\n<p>diciembre 23, 2025<\/p>\n\n\n\n<p>La<strong> Secretar\u00eda de Marina <\/strong>(<strong>Semar<\/strong>) inform\u00f3 de los resultados relevantes en materia de <strong>seguridad<\/strong> en <strong>Colima<\/strong> durante la semana del 15 al 21 de diciembre de 2025, como parte de la <strong>Estrategia de Seguridad \u201cPez Vela 2025\u201d<\/strong>.<\/p>\n\n\n\n<p>Durante dicho periodo se reforzaron los operativos terrestres en zonas estrat\u00e9gicas de los municipios de <strong>Manzanillo, Tecom\u00e1n, Armer\u00eda, Villa de \u00c1lvarez <\/strong>y<strong> Colima<\/strong>, donde la presencia operativa y las acciones de vigilancia permitieron la detenci\u00f3n de 29 personas presuntamente vinculadas con actividades il\u00edcitas, contribuyendo a la disminuci\u00f3n de conductas violentas y al restablecimiento del orden.<\/p>\n\n\n\n<p>Como resultado de estas acciones, se asegur\u00f3 presunta metanfetamina, dosis y una bolsa de hierba seca con caracter\u00edsticas similares a la mariguana, as\u00ed como cinco armas largas, tres armas cortas, 92 cartuchos \u00fatiles y tres cargadores.<\/p>\n\n\n\n<p>Adem\u00e1s, tambi\u00e9n fueron asegurados dos inmuebles presuntamente utilizados para actividades delictivas.<\/p>\n\n\n\n<p>De igual forma, se realiz\u00f3 el decomiso de siete tractos camiones, un veh\u00edculo, cuatro motocicletas y dos mototaxis, presuntamente relacionados con actividades irregulares.<\/p>\n\n\n\n<p>Tanto los objetos asegurados como las personas detenidas fueron puestos a disposici\u00f3n de la autoridad competente, a fin de continuar con las investigaciones correspondientes.<\/p>\n\n\n\n<p>Cabe destacar que, desde el inicio de la Estrategia de Seguridad \u201cPez Vela 2025\u201d se han logrado m\u00e1s de 300 detenciones de generadores de violencia, lo que refleja un avance sostenido en la contenci\u00f3n delictiva y en la recuperaci\u00f3n de espacios para el beneficio de la ciudadan\u00eda colimense.<\/p>\n\n\n\n<p>\u201cCon acciones firmes, coordinadas y permanentes, la Secretar\u00eda de Marina, en conjunto con las autoridades federales, estatales y municipales refrendan su compromiso de continuar fortaleciendo la seguridad, protegiendo a las familias y contribuyendo a la construcci\u00f3n de la paz en el estado de Colima\u201d, apunt\u00f3 la dependencia.<\/p>\n","protected":false},"excerpt":{"rendered":"<p>La Secretar\u00eda de Marina inform\u00f3 de los resultados en materia de seguridad de la Operaci\u00f3n&#8230;<\/p>\n","protected":false},"author":1,"featured_media":3710,"comment_status":"open","ping_status":"closed","sticky":false,"template":"","format":"standard","meta":{"footnotes":""},"categories":[14],"tags":[],"class_list":["post-3709","post","type-post","status-publish","format-standard","has-post-thumbnail","hentry","category-nacional"],"_links":{"self":[{"href":"https:\/\/agridulcenoticias.com\/index.php\/wp-json\/wp\/v2\/posts\/3709","targetHints":{"allow":["GET"]}}],"collection":[{"href":"https:\/\/agridulcenoticias.com\/index.php\/wp-json\/wp\/v2\/posts"}],"about":[{"href":"https:\/\/agridulcenoticias.com\/index.php\/wp-json\/wp\/v2\/types\/post"}],"author":[{"embeddable":true,"href":"https:\/\/agridulcenoticias.com\/index.php\/wp-json\/wp\/v2\/users\/1"}],"replies":[{"embeddable":true,"href":"https:\/\/agridulcenoticias.com\/index.php\/wp-json\/wp\/v2\/comments?post=3709"}],"version-history":[{"count":1,"href":"https:\/\/agridulcenoticias.com\/index.php\/wp-json\/wp\/v2\/posts\/3709\/revisions"}],"predecessor-version":[{"id":3711,"href":"https:\/\/agridulcenoticias.com\/index.php\/wp-json\/wp\/v2\/posts\/3709\/revisions\/3711"}],"wp:featuredmedia":[{"embeddable":true,"href":"https:\/\/agridulcenoticias.com\/index.php\/wp-json\/wp\/v2\/media\/3710"}],"wp:attachment":[{"href":"https:\/\/agridulcenoticias.com\/index.php\/wp-json\/wp\/v2\/media?parent=3709"}],"wp:term":[{"taxonomy":"category","embeddable":true,"href":"https:\/\/agridulcenoticias.com\/index.php\/wp-json\/wp\/v2\/categories?post=3709"},{"taxonomy":"post_tag","embeddable":true,"href":"https:\/\/agridulcenoticias.com\/index.php\/wp-json\/wp\/v2\/tags?post=3709"}],"curies":[{"name":"wp","href":"https:\/\/api.w.org\/{rel}","templated":true}]}}