{"id":3712,"date":"2025-12-24T16:01:00","date_gmt":"2025-12-24T22:01:00","guid":{"rendered":"https:\/\/agridulcenoticias.com\/?p=3712"},"modified":"2025-12-25T04:10:41","modified_gmt":"2025-12-25T10:10:41","slug":"llama-americo-villarreal-a-seguir-avanzando-en-paz-unidad-y-con-esperanza","status":"publish","type":"post","link":"https:\/\/agridulcenoticias.com\/index.php\/2025\/12\/24\/llama-americo-villarreal-a-seguir-avanzando-en-paz-unidad-y-con-esperanza\/","title":{"rendered":"Llama Am\u00e9rico Villarreal a seguir avanzando en paz, unidad y con esperanza"},"content":{"rendered":"\n<p>Diciembre 24 de 2025<\/p>\n\n\n\n<p>Ciudad Victoria, Tamaulipas.- Al expresar su mensaje con motivo de la navidad, el gobernador Am\u00e9rico Villarreal Anaya asegur\u00f3 que Tamaulipas se distingue por la solidaridad, la empat\u00eda y el humanismo y llam\u00f3 a todas y todos los tamaulipecos a seguir avanzando en paz, unidad y con esperanza.<\/p>\n\n\n\n<p>\u00abLa Navidad es tiempo de amor, de cuidado y de encuentro, es pensar en el bienestar y la alegr\u00eda de los dem\u00e1s, especialmente de quienes m\u00e1s lo necesitan\u00bb, expres\u00f3 el gobernador.<\/p>\n\n\n\n<p>Al desear una feliz navidad a nombre de su esposa, la presidenta del DIF Tamaulipas, Mar\u00eda de Villarreal y de toda su familia, Villarreal Anaya reiter\u00f3 que estas fechas nos invitan a reflexionar, hacer conciencia y a fortalecer los lazos que le dan sentido a la familia, la solidaridad y el humanismo que identifican a Tamaulipas.<\/p>\n\n\n\n<p>\u00abSigamos avanzando juntas y juntos con trabajo honesto y una vocaci\u00f3n de servicio para construir un mejor Tamaulipas\u00bb, exhort\u00f3.<\/p>\n","protected":false},"excerpt":{"rendered":"<p>Diciembre 24 de 2025 Ciudad Victoria, Tamaulipas.- Al expresar su mensaje con motivo de la&#8230;<\/p>\n","protected":false},"author":1,"featured_media":3713,"comment_status":"open","ping_status":"closed","sticky":false,"template":"","format":"standard","meta":{"footnotes":""},"categories":[5],"tags":[],"class_list":["post-3712","post","type-post","status-publish","format-standard","has-post-thumbnail","hentry","category-tamaulipas"],"_links":{"self":[{"href":"https:\/\/agridulcenoticias.com\/index.php\/wp-json\/wp\/v2\/posts\/3712","targetHints":{"allow":["GET"]}}],"collection":[{"href":"https:\/\/agridulcenoticias.com\/index.php\/wp-json\/wp\/v2\/posts"}],"about":[{"href":"https:\/\/agridulcenoticias.com\/index.php\/wp-json\/wp\/v2\/types\/post"}],"author":[{"embeddable":true,"href":"https:\/\/agridulcenoticias.com\/index.php\/wp-json\/wp\/v2\/users\/1"}],"replies":[{"embeddable":true,"href":"https:\/\/agridulcenoticias.com\/index.php\/wp-json\/wp\/v2\/comments?post=3712"}],"version-history":[{"count":1,"href":"https:\/\/agridulcenoticias.com\/index.php\/wp-json\/wp\/v2\/posts\/3712\/revisions"}],"predecessor-version":[{"id":3714,"href":"https:\/\/agridulcenoticias.com\/index.php\/wp-json\/wp\/v2\/posts\/3712\/revisions\/3714"}],"wp:featuredmedia":[{"embeddable":true,"href":"https:\/\/agridulcenoticias.com\/index.php\/wp-json\/wp\/v2\/media\/3713"}],"wp:attachment":[{"href":"https:\/\/agridulcenoticias.com\/index.php\/wp-json\/wp\/v2\/media?parent=3712"}],"wp:term":[{"taxonomy":"category","embeddable":true,"href":"https:\/\/agridulcenoticias.com\/index.php\/wp-json\/wp\/v2\/categories?post=3712"},{"taxonomy":"post_tag","embeddable":true,"href":"https:\/\/agridulcenoticias.com\/index.php\/wp-json\/wp\/v2\/tags?post=3712"}],"curies":[{"name":"wp","href":"https:\/\/api.w.org\/{rel}","templated":true}]}}