{"id":3715,"date":"2025-12-24T16:10:00","date_gmt":"2025-12-24T22:10:00","guid":{"rendered":"https:\/\/agridulcenoticias.com\/?p=3715"},"modified":"2025-12-25T04:13:59","modified_gmt":"2025-12-25T10:13:59","slug":"les-deseamos-la-mejor-de-las-navidades-y-que-la-pasen-en-paz-claudia-sheinbaum","status":"publish","type":"post","link":"https:\/\/agridulcenoticias.com\/index.php\/2025\/12\/24\/les-deseamos-la-mejor-de-las-navidades-y-que-la-pasen-en-paz-claudia-sheinbaum\/","title":{"rendered":"Les deseamos la mejor de las Navidades y que la pasen en paz: Claudia Sheinbaum"},"content":{"rendered":"\n<p>Claudia Sheinbaum destac\u00f3 la esperanza, la solidaridad y la fraternidad que caracterizan a las familias mexicanas<\/p>\n\n\n\n<p>diciembre 24, 2025<\/p>\n\n\n\n<p>La presidenta de M\u00e9xico, Claudia Sheinbaum, difundi\u00f3 este martes su mensaje de Navidad, en el que destac\u00f3 la esperanza, la solidaridad y la fraternidad que, dijo, caracterizan a las familias mexicanas en cada rinc\u00f3n del pa\u00eds, desde las ciudades hasta las comunidades rurales y costeras.<\/p>\n\n\n\n<p>En su mensaje, la mandataria subray\u00f3 la importancia de la familia, las tradiciones y los valores que se comparten en torno a la mesa, al tiempo que agradeci\u00f3 a madres, padres, abuelas y abuelos por transmitir dignidad y fortaleza a nuevas generaciones.<\/p>\n\n\n\n<p>Leer tambi\u00e9n: Investigan muerte del juez Omar Felipe Garc\u00eda, a cargo del caso contra C\u00e9sar Duarte<\/p>\n\n\n\n<p>Tambi\u00e9n reconoci\u00f3 a ni\u00f1as y ni\u00f1os como motor de futuro, as\u00ed como a quienes pasan estas fechas lejos de casa o trabajan para cuidar a otros.<\/p>\n\n\n\n<p>Sheinbaum expres\u00f3 un reconocimiento especial a paisanos en el extranjero, as\u00ed como a integrantes de las Fuerzas Armadas, polic\u00edas, personal de salud, bomberos y trabajadores de servicios esenciales.<\/p>\n\n\n\n<p>\u201cQue esta Nochebuena nos abrace como naci\u00f3n y nos recuerde que lo m\u00e1s importante no es lo material, sino el amor y los valores que compartimos\u201d, se\u00f1al\u00f3.<\/p>\n\n\n\n<p>La presidenta cerr\u00f3 su mensaje deseando paz y bienestar a las familias mexicanas, y llam\u00f3 a mantener vivo el orgullo por M\u00e9xico y su riqueza cultural durante las celebraciones navide\u00f1as.<\/p>\n","protected":false},"excerpt":{"rendered":"<p>Claudia Sheinbaum destac\u00f3 la esperanza, la solidaridad y la fraternidad que caracterizan a las familias&#8230;<\/p>\n","protected":false},"author":1,"featured_media":3716,"comment_status":"open","ping_status":"closed","sticky":false,"template":"","format":"standard","meta":{"footnotes":""},"categories":[14],"tags":[],"class_list":["post-3715","post","type-post","status-publish","format-standard","has-post-thumbnail","hentry","category-nacional"],"_links":{"self":[{"href":"https:\/\/agridulcenoticias.com\/index.php\/wp-json\/wp\/v2\/posts\/3715","targetHints":{"allow":["GET"]}}],"collection":[{"href":"https:\/\/agridulcenoticias.com\/index.php\/wp-json\/wp\/v2\/posts"}],"about":[{"href":"https:\/\/agridulcenoticias.com\/index.php\/wp-json\/wp\/v2\/types\/post"}],"author":[{"embeddable":true,"href":"https:\/\/agridulcenoticias.com\/index.php\/wp-json\/wp\/v2\/users\/1"}],"replies":[{"embeddable":true,"href":"https:\/\/agridulcenoticias.com\/index.php\/wp-json\/wp\/v2\/comments?post=3715"}],"version-history":[{"count":1,"href":"https:\/\/agridulcenoticias.com\/index.php\/wp-json\/wp\/v2\/posts\/3715\/revisions"}],"predecessor-version":[{"id":3717,"href":"https:\/\/agridulcenoticias.com\/index.php\/wp-json\/wp\/v2\/posts\/3715\/revisions\/3717"}],"wp:featuredmedia":[{"embeddable":true,"href":"https:\/\/agridulcenoticias.com\/index.php\/wp-json\/wp\/v2\/media\/3716"}],"wp:attachment":[{"href":"https:\/\/agridulcenoticias.com\/index.php\/wp-json\/wp\/v2\/media?parent=3715"}],"wp:term":[{"taxonomy":"category","embeddable":true,"href":"https:\/\/agridulcenoticias.com\/index.php\/wp-json\/wp\/v2\/categories?post=3715"},{"taxonomy":"post_tag","embeddable":true,"href":"https:\/\/agridulcenoticias.com\/index.php\/wp-json\/wp\/v2\/tags?post=3715"}],"curies":[{"name":"wp","href":"https:\/\/api.w.org\/{rel}","templated":true}]}}