{"id":3743,"date":"2025-12-26T14:54:00","date_gmt":"2025-12-26T20:54:00","guid":{"rendered":"https:\/\/agridulcenoticias.com\/?p=3743"},"modified":"2025-12-27T02:58:55","modified_gmt":"2025-12-27T08:58:55","slug":"convocan-a-entrega-de-fichas-para-el-servicio-militar-nacional-clase-2008","status":"publish","type":"post","link":"https:\/\/agridulcenoticias.com\/index.php\/2025\/12\/26\/convocan-a-entrega-de-fichas-para-el-servicio-militar-nacional-clase-2008\/","title":{"rendered":"Convocan a entrega de fichas para el Servicio Militar Nacional clase 2008"},"content":{"rendered":"\n<p>Por disposici\u00f3n de la Secretar\u00eda de la Defensa Nacional a trav\u00e9s del 15avo. Batall\u00f3n de Infanter\u00eda, a partir del 5 de enero de 2026, la Junta Municipal de Reclutamiento de Ciudad Madero iniciar\u00e1 la entrega de fichas para j\u00f3venes de la clase 2008 y remisos, con el prop\u00f3sito de efectuar el tr\u00e1mite de la precartilla del Servicio Militar Nacional.<\/p>\n\n\n\n<p>Al dar a conocer lo anterior, el secretario del Ayuntamiento, H\u00e9ctor Mar\u00edn Rodr\u00edguez, inform\u00f3 que la ficha establece la fecha calendarizada en la que el joven deber\u00e1 presentarse con la documentaci\u00f3n completa y de esta forma agilizar el tr\u00e1mite.<\/p>\n\n\n\n<p>A\u00f1adi\u00f3 que el proceso dar\u00e1 inicio a partir del lunes 5 de enero del pr\u00f3ximo a\u00f1o, en un horario de 8:00 a 15:30 horas, en las oficinas de la Junta Municipal de Reclutamiento, ubicadas a un costado de la Presidencia Municipal, por la calle Carranza.<\/p>\n\n\n\n<p>En ese sentido, Mar\u00edn Rodr\u00edguez exhort\u00f3 a los interesados a acudir en tiempo y forma para cumplir con este deber c\u00edvico, fundamental para la formaci\u00f3n ciudadana y el fortalecimiento de los valores de responsabilidad y compromiso social.<\/p>\n","protected":false},"excerpt":{"rendered":"<p>Por disposici\u00f3n de la Secretar\u00eda de la Defensa Nacional a trav\u00e9s del 15avo. Batall\u00f3n de&#8230;<\/p>\n","protected":false},"author":1,"featured_media":3744,"comment_status":"open","ping_status":"closed","sticky":false,"template":"","format":"standard","meta":{"footnotes":""},"categories":[3],"tags":[],"class_list":["post-3743","post","type-post","status-publish","format-standard","has-post-thumbnail","hentry","category-madero"],"_links":{"self":[{"href":"https:\/\/agridulcenoticias.com\/index.php\/wp-json\/wp\/v2\/posts\/3743","targetHints":{"allow":["GET"]}}],"collection":[{"href":"https:\/\/agridulcenoticias.com\/index.php\/wp-json\/wp\/v2\/posts"}],"about":[{"href":"https:\/\/agridulcenoticias.com\/index.php\/wp-json\/wp\/v2\/types\/post"}],"author":[{"embeddable":true,"href":"https:\/\/agridulcenoticias.com\/index.php\/wp-json\/wp\/v2\/users\/1"}],"replies":[{"embeddable":true,"href":"https:\/\/agridulcenoticias.com\/index.php\/wp-json\/wp\/v2\/comments?post=3743"}],"version-history":[{"count":1,"href":"https:\/\/agridulcenoticias.com\/index.php\/wp-json\/wp\/v2\/posts\/3743\/revisions"}],"predecessor-version":[{"id":3745,"href":"https:\/\/agridulcenoticias.com\/index.php\/wp-json\/wp\/v2\/posts\/3743\/revisions\/3745"}],"wp:featuredmedia":[{"embeddable":true,"href":"https:\/\/agridulcenoticias.com\/index.php\/wp-json\/wp\/v2\/media\/3744"}],"wp:attachment":[{"href":"https:\/\/agridulcenoticias.com\/index.php\/wp-json\/wp\/v2\/media?parent=3743"}],"wp:term":[{"taxonomy":"category","embeddable":true,"href":"https:\/\/agridulcenoticias.com\/index.php\/wp-json\/wp\/v2\/categories?post=3743"},{"taxonomy":"post_tag","embeddable":true,"href":"https:\/\/agridulcenoticias.com\/index.php\/wp-json\/wp\/v2\/tags?post=3743"}],"curies":[{"name":"wp","href":"https:\/\/api.w.org\/{rel}","templated":true}]}}