{"id":3775,"date":"2025-12-27T19:09:00","date_gmt":"2025-12-28T01:09:00","guid":{"rendered":"https:\/\/agridulcenoticias.com\/?p=3775"},"modified":"2025-12-28T07:14:26","modified_gmt":"2025-12-28T13:14:26","slug":"gobierno-de-nld-culmina-campana-de-reforestacion-2025","status":"publish","type":"post","link":"https:\/\/agridulcenoticias.com\/index.php\/2025\/12\/27\/gobierno-de-nld-culmina-campana-de-reforestacion-2025\/","title":{"rendered":"Gobierno de NLD culmina \u2018campa\u00f1a de reforestaci\u00f3n 2025\u2019"},"content":{"rendered":"\n<p>NUEVO LAREDO, TAMPS. La Coordinaci\u00f3n de Gesti\u00f3n Ambiental de Nuevo Laredo concluy\u00f3 de manera exitosa la campa\u00f1a de reforestaci\u00f3n 2025, reafirmando su compromiso con el cuidado del medio ambiente y el desarrollo sostenible de la ciudad.<\/p>\n\n\n\n<p>Durante esta estrategia ambiental se logr\u00f3 la plantaci\u00f3n de 3 mil 103 \u00e1rboles en distintos puntos del municipio, fortaleciendo las \u00e1reas verdes y mejorando la calidad de vida de la poblaci\u00f3n.<\/p>\n\n\n\n<p>La presidenta municipal Carmen Lilia Canturosas Villarreal, destac\u00f3 el arduo trabajo realizado por el personal municipal y subray\u00f3 que seguir\u00e1 impulsando acciones concretas para la protecci\u00f3n del entorno natural.<\/p>\n\n\n\n<p>Se\u00f1al\u00f3 que esta campa\u00f1a refleja el compromiso permanente de la administraci\u00f3n municipal con un Nuevo Laredo m\u00e1s verde y sustentable.<\/p>\n\n\n\n<p>\u201cEsta campa\u00f1a de reforestaci\u00f3n es resultado del trabajo coordinado de un gobierno comprometido con el medio ambiente y con el bienestar de la ciudadan\u00eda. Gracias al respaldo de la presidenta municipal Carmen Lilia Canturosas, hoy Nuevo Laredo cuenta con m\u00e1s \u00e1reas verdes que contribuyen a mitigar el calor, mejorar la calidad del aire y generar espacios m\u00e1s dignos para las familias\u201d, dijo Canturosas Villarreal.<\/p>\n\n\n\n<p>Las labores de reforestaci\u00f3n se llevaron a cabo en parques p\u00fablicos, escuelas, camellones y zonas rescatadas, donde se plantaron principalmente especies como encino verde, fresno com\u00fan, \u00e1rboles de lila, mezquite y anacahuita, seleccionadas por su adaptabilidad y beneficios ecol\u00f3gicos.<\/p>\n\n\n\n<p>Entre los principales beneficios de esta campa\u00f1a destacan el incremento de \u00e1reas verdes, la mitigaci\u00f3n de las islas de calor, la captura de carbono, as\u00ed como la generaci\u00f3n de sombra y refugio para la fauna urbana, contribuyendo de manera directa a la mejora del entorno ambiental de la ciudad.<\/p>\n\n\n\n<p>La alcaldesa enfatiz\u00f3 que el Gobierno Municipal continuar\u00e1 impulsando pol\u00edticas p\u00fablicas orientadas a la conservaci\u00f3n del medio ambiente y al bienestar de las presentes y futuras generaciones.<\/p>\n","protected":false},"excerpt":{"rendered":"<p>NUEVO LAREDO, TAMPS. La Coordinaci\u00f3n de Gesti\u00f3n Ambiental de Nuevo Laredo concluy\u00f3 de manera exitosa&#8230;<\/p>\n","protected":false},"author":1,"featured_media":3776,"comment_status":"open","ping_status":"closed","sticky":false,"template":"","format":"standard","meta":{"footnotes":""},"categories":[5],"tags":[],"class_list":["post-3775","post","type-post","status-publish","format-standard","has-post-thumbnail","hentry","category-tamaulipas"],"_links":{"self":[{"href":"https:\/\/agridulcenoticias.com\/index.php\/wp-json\/wp\/v2\/posts\/3775","targetHints":{"allow":["GET"]}}],"collection":[{"href":"https:\/\/agridulcenoticias.com\/index.php\/wp-json\/wp\/v2\/posts"}],"about":[{"href":"https:\/\/agridulcenoticias.com\/index.php\/wp-json\/wp\/v2\/types\/post"}],"author":[{"embeddable":true,"href":"https:\/\/agridulcenoticias.com\/index.php\/wp-json\/wp\/v2\/users\/1"}],"replies":[{"embeddable":true,"href":"https:\/\/agridulcenoticias.com\/index.php\/wp-json\/wp\/v2\/comments?post=3775"}],"version-history":[{"count":1,"href":"https:\/\/agridulcenoticias.com\/index.php\/wp-json\/wp\/v2\/posts\/3775\/revisions"}],"predecessor-version":[{"id":3777,"href":"https:\/\/agridulcenoticias.com\/index.php\/wp-json\/wp\/v2\/posts\/3775\/revisions\/3777"}],"wp:featuredmedia":[{"embeddable":true,"href":"https:\/\/agridulcenoticias.com\/index.php\/wp-json\/wp\/v2\/media\/3776"}],"wp:attachment":[{"href":"https:\/\/agridulcenoticias.com\/index.php\/wp-json\/wp\/v2\/media?parent=3775"}],"wp:term":[{"taxonomy":"category","embeddable":true,"href":"https:\/\/agridulcenoticias.com\/index.php\/wp-json\/wp\/v2\/categories?post=3775"},{"taxonomy":"post_tag","embeddable":true,"href":"https:\/\/agridulcenoticias.com\/index.php\/wp-json\/wp\/v2\/tags?post=3775"}],"curies":[{"name":"wp","href":"https:\/\/api.w.org\/{rel}","templated":true}]}}