{"id":3782,"date":"2025-12-27T20:34:00","date_gmt":"2025-12-28T02:34:00","guid":{"rendered":"https:\/\/agridulcenoticias.com\/?p=3782"},"modified":"2025-12-28T08:38:01","modified_gmt":"2025-12-28T14:38:01","slug":"violencia-en-villaflores-chiapas-siete-desaparecidos-y-dos-bares-incendiados","status":"publish","type":"post","link":"https:\/\/agridulcenoticias.com\/index.php\/2025\/12\/27\/violencia-en-villaflores-chiapas-siete-desaparecidos-y-dos-bares-incendiados\/","title":{"rendered":"Violencia en Villaflores, Chiapas: Siete desaparecidos y dos bares incendiados"},"content":{"rendered":"\n<p>Autoridades de Chiapas movilizaron a 200 agentes la la violencia de las \u00faltimas horas en el municipio de Villaflores<\/p>\n\n\n\n<p>diciembre 27, 2025<\/p>\n\n\n\n<p>Jorge Luis Llaven Abarca, titular de la Fiscal\u00eda de Chiapas, confirm\u00f3 que hay siete personas desaparecidas y dos bares incendiados tras hechos de violencia registrados en las \u00faltimas horas en el municipio de Villaflores.<\/p>\n\n\n\n<p>El funcionario estatal apunt\u00f3 que las investigaciones iniciaron desde las primeras horas del s\u00e1bado 27 de diciembre de 2025, luego de que el C5 Escudo Pakal recibiera reportes sobre disparos y veh\u00edculos incendiados en la cabecera municipal.<\/p>\n\n\n\n<p>Indic\u00f3 que fueron movilizados al sitio agentes del Ministerio P\u00fablico, peritos y elementos de la Polic\u00eda de Investigaci\u00f3n, quien confirmaron que fueron incendiados los bares C\u00e1bala y Anubis.<\/p>\n\n\n\n<p>Argument\u00f3 que mediante trabajos de inteligencia y an\u00e1lisis tecnol\u00f3gico, se logr\u00f3 establecer que los hechos fueron perpetrados por sujetos armados que ingresaron al municipio a bordo de tres camionetas, alrededor de las 03:00 h.<\/p>\n\n\n\n<p>Llaven Abarca afirm\u00f3 que el m\u00f3vil principal de estos hechos es la disputa por el narcomenudeo entre dos c\u00e9lulas delictivas que operan en la regi\u00f3n.<\/p>\n\n\n\n<p>El fiscal de Chiapas tambi\u00e9n inform\u00f3 que se recibieron denuncias por la desaparici\u00f3n de siete personas, dos de ellas presuntamente propietarias de los bares afectados.<\/p>\n\n\n\n<p>Adem\u00e1s, se reportan tres mujeres con lesiones por quemaduras, quienes recibieron atenci\u00f3n m\u00e9dica y se encuentran estables.<\/p>\n\n\n\n<p>Derivado de esta violencia en Villaflores, la Fiscal\u00eda de Chiapas implement\u00f3 un operativo de b\u00fasqueda y seguridad en la zona con m\u00e1s de 200 elementos, en coordinaci\u00f3n con la Secretar\u00eda de la Defensa Nacional, Guardia Nacional y la Secretar\u00eda de Seguridad del Pueblo, adem\u00e1s de un grupo especial de agentes de inteligencia e investigaci\u00f3n ministerial.<\/p>\n","protected":false},"excerpt":{"rendered":"<p>Autoridades de Chiapas movilizaron a 200 agentes la la violencia de las \u00faltimas horas en&#8230;<\/p>\n","protected":false},"author":1,"featured_media":3783,"comment_status":"open","ping_status":"closed","sticky":false,"template":"","format":"standard","meta":{"footnotes":""},"categories":[14],"tags":[],"class_list":["post-3782","post","type-post","status-publish","format-standard","has-post-thumbnail","hentry","category-nacional"],"_links":{"self":[{"href":"https:\/\/agridulcenoticias.com\/index.php\/wp-json\/wp\/v2\/posts\/3782","targetHints":{"allow":["GET"]}}],"collection":[{"href":"https:\/\/agridulcenoticias.com\/index.php\/wp-json\/wp\/v2\/posts"}],"about":[{"href":"https:\/\/agridulcenoticias.com\/index.php\/wp-json\/wp\/v2\/types\/post"}],"author":[{"embeddable":true,"href":"https:\/\/agridulcenoticias.com\/index.php\/wp-json\/wp\/v2\/users\/1"}],"replies":[{"embeddable":true,"href":"https:\/\/agridulcenoticias.com\/index.php\/wp-json\/wp\/v2\/comments?post=3782"}],"version-history":[{"count":1,"href":"https:\/\/agridulcenoticias.com\/index.php\/wp-json\/wp\/v2\/posts\/3782\/revisions"}],"predecessor-version":[{"id":3784,"href":"https:\/\/agridulcenoticias.com\/index.php\/wp-json\/wp\/v2\/posts\/3782\/revisions\/3784"}],"wp:featuredmedia":[{"embeddable":true,"href":"https:\/\/agridulcenoticias.com\/index.php\/wp-json\/wp\/v2\/media\/3783"}],"wp:attachment":[{"href":"https:\/\/agridulcenoticias.com\/index.php\/wp-json\/wp\/v2\/media?parent=3782"}],"wp:term":[{"taxonomy":"category","embeddable":true,"href":"https:\/\/agridulcenoticias.com\/index.php\/wp-json\/wp\/v2\/categories?post=3782"},{"taxonomy":"post_tag","embeddable":true,"href":"https:\/\/agridulcenoticias.com\/index.php\/wp-json\/wp\/v2\/tags?post=3782"}],"curies":[{"name":"wp","href":"https:\/\/api.w.org\/{rel}","templated":true}]}}