{"id":3794,"date":"2025-12-27T20:54:00","date_gmt":"2025-12-28T02:54:00","guid":{"rendered":"https:\/\/agridulcenoticias.com\/?p=3794"},"modified":"2025-12-28T08:58:31","modified_gmt":"2025-12-28T14:58:31","slug":"choque-de-autobus-y-tractocamion-deja-dos-muertos-y-36-lesionados-en-tamaulipas","status":"publish","type":"post","link":"https:\/\/agridulcenoticias.com\/index.php\/2025\/12\/27\/choque-de-autobus-y-tractocamion-deja-dos-muertos-y-36-lesionados-en-tamaulipas\/","title":{"rendered":"Choque de autob\u00fas y tractocami\u00f3n deja dos muertos y 36 lesionados en Tamaulipas"},"content":{"rendered":"\n<p>Se registr\u00f3 un choque entre un autob\u00fas y un tractocami\u00f3n en la Carretera Federal 83 Gonz\u00e1lez\u2013Hidalgo, a la altura de G\u00fc\u00e9mez, Tamaulipas<\/p>\n\n\n\n<p>diciembre 27, 2025<\/p>\n\n\n\n<p>El choque entre un autob\u00fas de pasajeros y un tractocami\u00f3n dej\u00f3 un saldo de dos muertos y 36 lesionados en una tramo carretero de Tamaulipas.<\/p>\n\n\n\n<p>Por medio de un comunicado, la Secretar\u00eda de Seguridad P\u00fablica de la entidad indic\u00f3 que este accidente carretero ocurri\u00f3 la noche del viernes 26 de diciembre de 2025 en el kil\u00f3metro 92 de la Carretera Federal 83 Gonz\u00e1lez\u2013Hidalgo, justo a la altura de G\u00fc\u00e9mez.<\/p>\n\n\n\n<p>El reporte se recibi\u00f3 a trav\u00e9s del C-4, alertando sobre un choque de un autob\u00fas de pasajeros con personas lesionadas. Al sitio acudieron personal de la Guardia Estatal, en coordinaci\u00f3n con Protecci\u00f3n Civil, Cruz Roja, Guardia Nacional y otras corporaciones de auxilio<\/p>\n\n\n\n<p>Al llegar, los elementos localizaron un autob\u00fas de la l\u00ednea Futura, mismo que impact\u00f3 contra la parte trasera de un tractocami\u00f3n Kenworth.<\/p>\n\n\n\n<p>El autob\u00fas transportaba 36 pasajeros, incluidos menores de edad, que cproced\u00edan de Nuevo Laredo y que ten\u00edan como destino final Poza Rica, Veracruz.<\/p>\n\n\n\n<p>La autoridad de la entidad detall\u00f3 que el conductor del tractocami\u00f3n no se encontr\u00f3 en el sitio, mientras que las labores de rescate permitieron liberar a varias personas que se encontraban prensadas.<\/p>\n\n\n\n<p>Los lesionados fueron trasladados a distintos centros hospitalarios para recibir atenci\u00f3n m\u00e9dica especializada.<\/p>\n\n\n\n<p>Durante esta la ma\u00f1ana de este s\u00e1bado 27 de diciembre, autoridades de Tamaulipas realizaron las maniobras para el retiro de las unidades implicadas en este choque, por lo que la Carretera Federal 83 Gonz\u00e1lez\u2013Hidalgo sufri\u00f3 el cierre parcial de la circulaci\u00f3n.<\/p>\n","protected":false},"excerpt":{"rendered":"<p>Se registr\u00f3 un choque entre un autob\u00fas y un tractocami\u00f3n en la Carretera Federal 83&#8230;<\/p>\n","protected":false},"author":1,"featured_media":3795,"comment_status":"open","ping_status":"closed","sticky":false,"template":"","format":"standard","meta":{"footnotes":""},"categories":[14],"tags":[],"class_list":["post-3794","post","type-post","status-publish","format-standard","has-post-thumbnail","hentry","category-nacional"],"_links":{"self":[{"href":"https:\/\/agridulcenoticias.com\/index.php\/wp-json\/wp\/v2\/posts\/3794","targetHints":{"allow":["GET"]}}],"collection":[{"href":"https:\/\/agridulcenoticias.com\/index.php\/wp-json\/wp\/v2\/posts"}],"about":[{"href":"https:\/\/agridulcenoticias.com\/index.php\/wp-json\/wp\/v2\/types\/post"}],"author":[{"embeddable":true,"href":"https:\/\/agridulcenoticias.com\/index.php\/wp-json\/wp\/v2\/users\/1"}],"replies":[{"embeddable":true,"href":"https:\/\/agridulcenoticias.com\/index.php\/wp-json\/wp\/v2\/comments?post=3794"}],"version-history":[{"count":1,"href":"https:\/\/agridulcenoticias.com\/index.php\/wp-json\/wp\/v2\/posts\/3794\/revisions"}],"predecessor-version":[{"id":3796,"href":"https:\/\/agridulcenoticias.com\/index.php\/wp-json\/wp\/v2\/posts\/3794\/revisions\/3796"}],"wp:featuredmedia":[{"embeddable":true,"href":"https:\/\/agridulcenoticias.com\/index.php\/wp-json\/wp\/v2\/media\/3795"}],"wp:attachment":[{"href":"https:\/\/agridulcenoticias.com\/index.php\/wp-json\/wp\/v2\/media?parent=3794"}],"wp:term":[{"taxonomy":"category","embeddable":true,"href":"https:\/\/agridulcenoticias.com\/index.php\/wp-json\/wp\/v2\/categories?post=3794"},{"taxonomy":"post_tag","embeddable":true,"href":"https:\/\/agridulcenoticias.com\/index.php\/wp-json\/wp\/v2\/tags?post=3794"}],"curies":[{"name":"wp","href":"https:\/\/api.w.org\/{rel}","templated":true}]}}