{"id":3803,"date":"2025-12-28T12:09:31","date_gmt":"2025-12-28T18:09:31","guid":{"rendered":"https:\/\/agridulcenoticias.com\/?p=3803"},"modified":"2025-12-30T12:10:15","modified_gmt":"2025-12-30T18:10:15","slug":"descarrila-el-tren-interoceanico-13-muertos-y-98-lesionados","status":"publish","type":"post","link":"https:\/\/agridulcenoticias.com\/index.php\/2025\/12\/28\/descarrila-el-tren-interoceanico-13-muertos-y-98-lesionados\/","title":{"rendered":"Descarrila el Tren Interoce\u00e1nico: 13 muertos y 98 lesionados"},"content":{"rendered":"\n<p><a><\/a>Tras el accidente, la Secretar\u00eda de Marina despleg\u00f3 360 elementos navales, 20 veh\u00edculos y cuatro ambulancias terrestres.<\/p>\n\n\n\n<p>La Secretar\u00eda de Marina (Semar) report\u00f3 que el saldo al momento por el descarrilamiento del TrenInteroce\u00e1nico es de 13 personas fallecidas y 98 lesionadas, de las cuales 36 se encuentran hospitalizadas y el resto sin lesiones de gravedad.<\/p>\n\n\n\n<p>Ante ello, la dependencia expres\u00f3 sus m\u00e1s sentidas condolencias a los familiares de las personas que perdieron la vida en este accidente, en el que, se\u00f1al\u00f3, la instituci\u00f3n despleg\u00f3 un total de 360 elementos navales, 20 veh\u00edculos, cuatro ambulancias terrestres, tres ambulancias a\u00e9reas y un dron t\u00e1ctico para las acciones de b\u00fasqueda y localizaci\u00f3n de los pasajeros.<\/p>\n\n\n\n<p>\u201cLa instituci\u00f3n reitera su vocaci\u00f3n de servicio, trabajando a favor de la seguridad y bienestar de la poblaci\u00f3n mexicana, as\u00ed mismo continuar\u00e1 colaborando de manera coordinada con las autoridades competentes para el esclarecimiento de los hechos\u201d, indic\u00f3.<\/p>\n\n\n\n<p>Tras el accidente, la presidenta Claudia Sheinbaum Pardo confirm\u00f3 el fallecimiento de 13 personas, 98 personas lesionadas, cinco de ellas de gravedad, por el accidente este domingo del Tren Interoce\u00e1nico en Oaxaca<\/p>\n\n\n\n<p>En sus redes sociales, la jefa del Ejecutivo federal indic\u00f3 que pidi\u00f3 al secretario de Marina (Semar), almirante Raymundo Pedro Morales \u00c1ngeles, y al subsecretario de Derechos Humanos de la Secretar\u00eda de Gobernaci\u00f3n, F\u00e9lix Arturo Medina Padilla, que se trasladen al lugar y atiendan a las familias de manera personal y ser\u00e1 la secretaria de Gobernaci\u00f3n, Rosa Icela Rodr\u00edguez, quien coordinar\u00e1 las labores.<\/p>\n\n\n\n<p>La mandataria mexicana destac\u00f3 que los heridos se encuentran en hospitales del IMSS en Mat\u00edas Romero y Salina Cruz, as\u00ed como de IMSS-Bienestar en Juchit\u00e1n e Ixtepec.<\/p>\n\n\n\n<p>\u00abMe informa la Secretar\u00eda de Marina que en el accidente del Tren Interoce\u00e1nico lamentablemente fallecieron 13 personas; 98 est\u00e1n lesionadas, cinco de ellas de gravedad. Los heridos se encuentran en hospitales del IMSS en Mat\u00edas Romero y Salina Cruz, as\u00ed como de IMSS-Bienestar en Juchit\u00e1n e Ixtepec.<\/p>\n\n\n\n<p>\u00abHe dado instrucciones para que el secretario de Marina y el subsecretario de Derechos Humanos de la Secretar\u00eda de Gobernaci\u00f3n se trasladen al lugar y atiendan a las familias de manera personal tambi\u00e9n los delegados de IMSS e IMSS-Bienestar. La secretaria de Gobernaci\u00f3n coordinar\u00e1 las labores\u00bb.<\/p>\n\n\n\n<p>La presidenta Claudia Sheinbaum agradeci\u00f3 el apoyo del gobernador de Oaxaca, Salom\u00f3n Jara y su equipo para la atenci\u00f3n de este accidente.<\/p>\n","protected":false},"excerpt":{"rendered":"<p>Tras el accidente, la Secretar\u00eda de Marina despleg\u00f3 360 elementos navales, 20 veh\u00edculos y cuatro&#8230;<\/p>\n","protected":false},"author":1,"featured_media":3804,"comment_status":"open","ping_status":"closed","sticky":false,"template":"","format":"standard","meta":{"footnotes":""},"categories":[14],"tags":[],"class_list":["post-3803","post","type-post","status-publish","format-standard","has-post-thumbnail","hentry","category-nacional"],"_links":{"self":[{"href":"https:\/\/agridulcenoticias.com\/index.php\/wp-json\/wp\/v2\/posts\/3803","targetHints":{"allow":["GET"]}}],"collection":[{"href":"https:\/\/agridulcenoticias.com\/index.php\/wp-json\/wp\/v2\/posts"}],"about":[{"href":"https:\/\/agridulcenoticias.com\/index.php\/wp-json\/wp\/v2\/types\/post"}],"author":[{"embeddable":true,"href":"https:\/\/agridulcenoticias.com\/index.php\/wp-json\/wp\/v2\/users\/1"}],"replies":[{"embeddable":true,"href":"https:\/\/agridulcenoticias.com\/index.php\/wp-json\/wp\/v2\/comments?post=3803"}],"version-history":[{"count":1,"href":"https:\/\/agridulcenoticias.com\/index.php\/wp-json\/wp\/v2\/posts\/3803\/revisions"}],"predecessor-version":[{"id":3805,"href":"https:\/\/agridulcenoticias.com\/index.php\/wp-json\/wp\/v2\/posts\/3803\/revisions\/3805"}],"wp:featuredmedia":[{"embeddable":true,"href":"https:\/\/agridulcenoticias.com\/index.php\/wp-json\/wp\/v2\/media\/3804"}],"wp:attachment":[{"href":"https:\/\/agridulcenoticias.com\/index.php\/wp-json\/wp\/v2\/media?parent=3803"}],"wp:term":[{"taxonomy":"category","embeddable":true,"href":"https:\/\/agridulcenoticias.com\/index.php\/wp-json\/wp\/v2\/categories?post=3803"},{"taxonomy":"post_tag","embeddable":true,"href":"https:\/\/agridulcenoticias.com\/index.php\/wp-json\/wp\/v2\/tags?post=3803"}],"curies":[{"name":"wp","href":"https:\/\/api.w.org\/{rel}","templated":true}]}}