{"id":3838,"date":"2025-12-29T15:57:00","date_gmt":"2025-12-29T21:57:00","guid":{"rendered":"https:\/\/agridulcenoticias.com\/?p=3838"},"modified":"2025-12-31T04:10:27","modified_gmt":"2025-12-31T10:10:27","slug":"artistas-de-ee-uu-cancelan-shows-en-el-centro-kennedy-tras-anadir-el-nombre-de-trump","status":"publish","type":"post","link":"https:\/\/agridulcenoticias.com\/index.php\/2025\/12\/29\/artistas-de-ee-uu-cancelan-shows-en-el-centro-kennedy-tras-anadir-el-nombre-de-trump\/","title":{"rendered":"Artistas de EE.UU. cancelan shows en el Centro Kennedy tras a\u00f1adir el nombre de Trump"},"content":{"rendered":"\n<p>La compa\u00f1\u00eda de danza cancel\u00f3 su temporada de presentaciones en el Centro Kennedy sin dar a conocer los motivos, decisi\u00f3n que tambi\u00e9n han tomado otros artistas<\/p>\n\n\n\n<p>diciembre 29, 2025<\/p>\n\n\n\n<p>Una importante compa\u00f1\u00eda de danza de Nueva York cancel\u00f3 este lunes su tradicional temporada de presentaciones en el Centro Kennedy de la capital estadounidense, uni\u00e9ndose a m\u00e1s de una decena de artistas que han tomado la misma decisi\u00f3n sin especificar motivos, pero que sucede semanas despu\u00e9s de que la Administraci\u00f3n del presidente, Donald Trump, agregara su nombre al t\u00edtulo del recinto cultural.<\/p>\n\n\n\n<p>Doug Varone y bailarines es la compa\u00f1\u00eda, con m\u00e1s de 40 a\u00f1os en los escenarios de Estados Unidos, que decidi\u00f3 cancelar su serie de presentaciones en abril de 2026, de acuerdo con el sitio web del Centro Kennedy, que hace un mes fue renombrado como Trump-Kennedy Center.<\/p>\n\n\n\n<p>El centro, uno de los espacios culturales m\u00e1s importantes de Estados Unidos, no dio razones de la cancelaci\u00f3n, pero la compa\u00f1\u00eda de danzantes hizo saber a medios estadounidenses que era protesta por el cambio de nombre del lugar.<\/p>\n\n\n\n<p>Desde febrero de 2025, decenas de artistas han cancelado presentarse en este sitio ubicado en Washington, desde que Trump expuls\u00f3 a los principales directivos del centro para sustituirlos por integrantes del partido republicano.<\/p>\n\n\n\n<p>Adem\u00e1s, la presentaci\u00f3n m\u00e1s importante de la Nochevieja fue cancelada, se trataba del conjunto de jazz Cookers, de California, que tambi\u00e9n decidi\u00f3 no presentarse en el centro dejando el escenario vac\u00edo para recibir el a\u00f1o nuevo.<\/p>\n\n\n\n<p>Leer tambi\u00e9n: EE.UU. ataca una nueva lancha en el Pac\u00edfico y elimina a dos tripulantes<\/p>\n\n\n\n<p>El pasado 20 de diciembre se confirm\u00f3 el cambio y la Casa Blanca dijo que se debe a \u201cla incre\u00edble labor que el presidente Trump ha realizado durante el \u00faltimo a\u00f1o para salvar el edificio\u201d.<\/p>\n\n\n\n<p>El nombre del Centro Kennedy fue establecido por ley, de manera que una modificaci\u00f3n de estas caracter\u00edsticas deber\u00eda pasar por el Congreso, donde los republicanos tienen mayor\u00eda.<\/p>\n\n\n\n<p>Este cambio provoc\u00f3 cr\u00edticas de figuras de la pol\u00edtica y las artes, la mayor\u00eda contrarias a las pol\u00edticas de Trump, as\u00ed como el rechazo de varios miembros de la familia Kennedy, una de las dinast\u00edas m\u00e1s importantes en EE.UU. y conocidos por su filiaci\u00f3n dem\u00f3crata.<\/p>\n\n\n\n<p>Trump se mostr\u00f3 \u201csorprendido\u201d y \u201chonrado\u201d cuando se anunci\u00f3 el cambio del nombre, aunque desde el inicio de su mandato realiz\u00f3 bromas sobre como sonar\u00eda si el centro llevara su apellido por delante.<\/p>\n","protected":false},"excerpt":{"rendered":"<p>La compa\u00f1\u00eda de danza cancel\u00f3 su temporada de presentaciones en el Centro Kennedy sin dar&#8230;<\/p>\n","protected":false},"author":1,"featured_media":3839,"comment_status":"open","ping_status":"closed","sticky":false,"template":"","format":"standard","meta":{"footnotes":""},"categories":[15],"tags":[],"class_list":["post-3838","post","type-post","status-publish","format-standard","has-post-thumbnail","hentry","category-internacional"],"_links":{"self":[{"href":"https:\/\/agridulcenoticias.com\/index.php\/wp-json\/wp\/v2\/posts\/3838","targetHints":{"allow":["GET"]}}],"collection":[{"href":"https:\/\/agridulcenoticias.com\/index.php\/wp-json\/wp\/v2\/posts"}],"about":[{"href":"https:\/\/agridulcenoticias.com\/index.php\/wp-json\/wp\/v2\/types\/post"}],"author":[{"embeddable":true,"href":"https:\/\/agridulcenoticias.com\/index.php\/wp-json\/wp\/v2\/users\/1"}],"replies":[{"embeddable":true,"href":"https:\/\/agridulcenoticias.com\/index.php\/wp-json\/wp\/v2\/comments?post=3838"}],"version-history":[{"count":1,"href":"https:\/\/agridulcenoticias.com\/index.php\/wp-json\/wp\/v2\/posts\/3838\/revisions"}],"predecessor-version":[{"id":3840,"href":"https:\/\/agridulcenoticias.com\/index.php\/wp-json\/wp\/v2\/posts\/3838\/revisions\/3840"}],"wp:featuredmedia":[{"embeddable":true,"href":"https:\/\/agridulcenoticias.com\/index.php\/wp-json\/wp\/v2\/media\/3839"}],"wp:attachment":[{"href":"https:\/\/agridulcenoticias.com\/index.php\/wp-json\/wp\/v2\/media?parent=3838"}],"wp:term":[{"taxonomy":"category","embeddable":true,"href":"https:\/\/agridulcenoticias.com\/index.php\/wp-json\/wp\/v2\/categories?post=3838"},{"taxonomy":"post_tag","embeddable":true,"href":"https:\/\/agridulcenoticias.com\/index.php\/wp-json\/wp\/v2\/tags?post=3838"}],"curies":[{"name":"wp","href":"https:\/\/api.w.org\/{rel}","templated":true}]}}