{"id":6105,"date":"2026-04-22T12:11:00","date_gmt":"2026-04-22T18:11:00","guid":{"rendered":"https:\/\/agridulcenoticias.com\/?p=6105"},"modified":"2026-04-26T00:15:32","modified_gmt":"2026-04-26T06:15:32","slug":"secretario-de-economia-dice-que-mexico-no-apuesta-por-cero-aranceles-en-revision-del-t-mec","status":"publish","type":"post","link":"https:\/\/agridulcenoticias.com\/index.php\/2026\/04\/22\/secretario-de-economia-dice-que-mexico-no-apuesta-por-cero-aranceles-en-revision-del-t-mec\/","title":{"rendered":"Secretario de Econom\u00eda dice que M\u00e9xico no apuesta por cero aranceles en revisi\u00f3n del T-MEC"},"content":{"rendered":"\n<p>Ebrard explic\u00f3 que habr\u00e1 un esquema en el que persisten los aranceles y tambi\u00e9n las reglas de origen, \u201cque a veces son m\u00e1s importantes que los aranceles\u201d<\/p>\n\n\n\n<p>abril 22, 2026<\/p>\n\n\n\n<p>El secretario de Econom\u00eda, Marcelo Ebrard, afirm\u00f3 este mi\u00e9rcoles que M\u00e9xico ya no busca una eliminaci\u00f3n total de los aranceles en la revisi\u00f3n del tratado con Estados Unidos y Canad\u00e1, el T-MEC, sino reducirlos \u201cen lo menos posible\u201d, al reconocer que el comercio internacional ya no opera bajo el mismo paradigma de libre comercio.<\/p>\n\n\n\n<p>Al referirse a la posici\u00f3n expresada por el representante comercial de Estados Unidos, Jamieson Greer, de que los aranceles de la secci\u00f3n 232 en Estados Unidos se mantendr\u00e1n, Ebrard resumi\u00f3 que \u201cel mundo comercial, el sistema comercial que ten\u00edamos, basado en el libre comercio, ya es muy dif\u00edcil que regrese\u201d.<\/p>\n\n\n\n<p>En este sentido, el funcionario mexicano tambi\u00e9n pidi\u00f3: \u201cno hay que estar en la nostalgia de cuando no hab\u00eda ning\u00fan arancel\u201d.<\/p>\n\n\n\n<p>A\u00f1adi\u00f3 que ahora habr\u00e1 un esquema en el que persisten los aranceles y tambi\u00e9n las reglas de origen, \u201cque a veces son m\u00e1s importantes que los aranceles\u201d.<\/p>\n\n\n\n<p>Bajo ese contexto, se\u00f1al\u00f3 que en sectores como el automotriz, el acero y el aluminio, que M\u00e9xico ha colocado como prioritarios en la mesa, \u201ces muy dif\u00edcil pensar en que van a desaparecer los aranceles\u201d y que lo que el pa\u00eds busca ahora es \u201cc\u00f3mo reducirlos\u201d.<\/p>\n\n\n\n<p>Como ejemplo, sostuvo que en la industria automotriz ya se ha logrado una disminuci\u00f3n respecto al arancel de 25 %, de forma que \u201ccasi todos est\u00e1n pagando abajo de eso\u201d.<\/p>\n\n\n\n<p>Ebrard explic\u00f3 que la segunda ronda de conversaciones con Washington a\u00fan no concluye, pero dej\u00f3 claro que M\u00e9xico ya expuso su posici\u00f3n.<\/p>\n\n\n\n<p>\u201cM\u00e9xico plante\u00f3 su posici\u00f3n (a Estados Unidos), el mundo ideal, \u00f3ptimo, el objetivo de M\u00e9xico, que es pr\u00e1cticamente no tener aranceles, m\u00e1s que en lo menos posible y mantener un flujo abierto de comercio\u201d, sostuvo frente a medios.<\/p>\n\n\n\n<p>La segunda ronda de conversaciones inici\u00f3 este lunes en Ciudad de M\u00e9xico con la visita de Greer, mientras los equipos alistan la mesa para el arranque de las negociaciones formales previstas para la \u00faltima semana de mayo.<\/p>\n\n\n\n<p>Del lado estadounidense, agreg\u00f3, la prioridad pasa por reducir su dependencia de Asia, un terreno en el que M\u00e9xico se ve como \u201cel gran aliado\u201d para producir dentro de una regi\u00f3n m\u00e1s integrada.<\/p>\n\n\n\n<p>Por otra parte, sobre el acuerdo con la Uni\u00f3n Europea, Ebrard dijo que la negociaci\u00f3n ya est\u00e1 concluida y que solo falta que el bloque termine la traducci\u00f3n del tratado a 23 idiomas, proceso previsto para finales de mayo.<\/p>\n\n\n\n<p>En paralelo, anunci\u00f3 que la misi\u00f3n comercial a Canad\u00e1, prevista del 7 al 9 de mayo, ya suma m\u00e1s de 300 confirmaciones de empresas y que podr\u00eda convertirse en la visita de compa\u00f1\u00edas mexicanas \u201cm\u00e1s importante\u201d a ese pa\u00eds en mucho tiempo, con \u00e9nfasis en firmas medianas y peque\u00f1as que tendr\u00e1n encuentros de negocios B2B.<\/p>\n","protected":false},"excerpt":{"rendered":"<p>Ebrard explic\u00f3 que habr\u00e1 un esquema en el que persisten los aranceles y tambi\u00e9n las&#8230;<\/p>\n","protected":false},"author":1,"featured_media":6106,"comment_status":"open","ping_status":"closed","sticky":false,"template":"","format":"standard","meta":{"footnotes":""},"categories":[15,14],"tags":[],"class_list":["post-6105","post","type-post","status-publish","format-standard","has-post-thumbnail","hentry","category-internacional","category-nacional"],"_links":{"self":[{"href":"https:\/\/agridulcenoticias.com\/index.php\/wp-json\/wp\/v2\/posts\/6105","targetHints":{"allow":["GET"]}}],"collection":[{"href":"https:\/\/agridulcenoticias.com\/index.php\/wp-json\/wp\/v2\/posts"}],"about":[{"href":"https:\/\/agridulcenoticias.com\/index.php\/wp-json\/wp\/v2\/types\/post"}],"author":[{"embeddable":true,"href":"https:\/\/agridulcenoticias.com\/index.php\/wp-json\/wp\/v2\/users\/1"}],"replies":[{"embeddable":true,"href":"https:\/\/agridulcenoticias.com\/index.php\/wp-json\/wp\/v2\/comments?post=6105"}],"version-history":[{"count":1,"href":"https:\/\/agridulcenoticias.com\/index.php\/wp-json\/wp\/v2\/posts\/6105\/revisions"}],"predecessor-version":[{"id":6107,"href":"https:\/\/agridulcenoticias.com\/index.php\/wp-json\/wp\/v2\/posts\/6105\/revisions\/6107"}],"wp:featuredmedia":[{"embeddable":true,"href":"https:\/\/agridulcenoticias.com\/index.php\/wp-json\/wp\/v2\/media\/6106"}],"wp:attachment":[{"href":"https:\/\/agridulcenoticias.com\/index.php\/wp-json\/wp\/v2\/media?parent=6105"}],"wp:term":[{"taxonomy":"category","embeddable":true,"href":"https:\/\/agridulcenoticias.com\/index.php\/wp-json\/wp\/v2\/categories?post=6105"},{"taxonomy":"post_tag","embeddable":true,"href":"https:\/\/agridulcenoticias.com\/index.php\/wp-json\/wp\/v2\/tags?post=6105"}],"curies":[{"name":"wp","href":"https:\/\/api.w.org\/{rel}","templated":true}]}}