{"id":6114,"date":"2026-04-23T00:26:36","date_gmt":"2026-04-23T06:26:36","guid":{"rendered":"https:\/\/agridulcenoticias.com\/?p=6114"},"modified":"2026-04-26T00:31:04","modified_gmt":"2026-04-26T06:31:04","slug":"lleva-gobierno-de-ciudad-madero-color-dignidad-y-bienestar-a-familias-de-la-colonia-primero-de-mayo-con-transformando-hogares","status":"publish","type":"post","link":"https:\/\/agridulcenoticias.com\/index.php\/2026\/04\/23\/lleva-gobierno-de-ciudad-madero-color-dignidad-y-bienestar-a-familias-de-la-colonia-primero-de-mayo-con-transformando-hogares\/","title":{"rendered":"Lleva Gobierno de Ciudad Madero color, dignidad y bienestar a familias de la colonia Primero de Mayo con \u201cTransformando Hogares\u201d"},"content":{"rendered":"\n<p>abril 23, 2026<\/p>\n\n\n\n<p>Cd. Madero, Tamaulipas. &#8211; Los, quienes participaron activamente en la elecci\u00f3n de los colores, fortaleciendo la organizaci\u00f3n y el sentido de pertenencia entre vecinos.<\/p>\n\n\n\n<p>El presidente municipal subray\u00f3 que este tipo de acciones reflejan el compromiso de su administraci\u00f3n por atender a las familias que durante a\u00f1os no hab\u00edan sido consideradas. \u201cHoy venimos a decirles que estamos cerca de ustedes, que escuchamos y que trabajamos para mejorar su calidad de vida; el cambio es de cero a mil\u201d, afirm\u00f3.<\/p>\n\n\n\n<p>Asimismo, record\u00f3 que el programa \u201cTransformando Hogares\u201d, implementado desde 2025, ha permitido intervenir 45 edificios en distintos sectores de la ciudad, beneficiando a m\u00e1s de 4,300 habitantes, y que para este 2026 se contempla la rehabilitaci\u00f3n de 31 edificios adicionales, con una cobertura cercana a los 70 mil metros cuadrados.<\/p>\n\n\n\n<p>En representaci\u00f3n de las y los vecinos, Gabriela Mart\u00ednez Cuevas agradeci\u00f3 a las autoridades por hacer posible esta transformaci\u00f3n, destacando que ahora las familias viven en un entorno m\u00e1s digno y con mayor motivaci\u00f3n para cuidar sus espacios.<\/p>\n\n\n\n<p>Finalmente, Erasmo Gonz\u00e1lez Robledo reiter\u00f3 que su gobierno continuar\u00e1 impulsando programas con sentido humano, trabajando de la mano con la ciudadan\u00eda para seguir transformando hogares, fortaleciendo la convivencia y construyendo un mejor Ciudad Madero para todas y todos.<\/p>\n\n\n\n<p>As\u00ed mismo el Presidente fue enf\u00e1tico al decir que todo este tipo de apoyos no ser\u00edan posible sin el liderazgo del Dr. Am\u00e9rico Villarreal Anaya nuestro Gobernador del Estado.<\/p>\n","protected":false},"excerpt":{"rendered":"<p>abril 23, 2026 Cd. Madero, Tamaulipas. &#8211; Los, quienes participaron activamente en la elecci\u00f3n de&#8230;<\/p>\n","protected":false},"author":1,"featured_media":6115,"comment_status":"open","ping_status":"closed","sticky":false,"template":"","format":"standard","meta":{"footnotes":""},"categories":[3],"tags":[],"class_list":["post-6114","post","type-post","status-publish","format-standard","has-post-thumbnail","hentry","category-madero"],"_links":{"self":[{"href":"https:\/\/agridulcenoticias.com\/index.php\/wp-json\/wp\/v2\/posts\/6114","targetHints":{"allow":["GET"]}}],"collection":[{"href":"https:\/\/agridulcenoticias.com\/index.php\/wp-json\/wp\/v2\/posts"}],"about":[{"href":"https:\/\/agridulcenoticias.com\/index.php\/wp-json\/wp\/v2\/types\/post"}],"author":[{"embeddable":true,"href":"https:\/\/agridulcenoticias.com\/index.php\/wp-json\/wp\/v2\/users\/1"}],"replies":[{"embeddable":true,"href":"https:\/\/agridulcenoticias.com\/index.php\/wp-json\/wp\/v2\/comments?post=6114"}],"version-history":[{"count":1,"href":"https:\/\/agridulcenoticias.com\/index.php\/wp-json\/wp\/v2\/posts\/6114\/revisions"}],"predecessor-version":[{"id":6116,"href":"https:\/\/agridulcenoticias.com\/index.php\/wp-json\/wp\/v2\/posts\/6114\/revisions\/6116"}],"wp:featuredmedia":[{"embeddable":true,"href":"https:\/\/agridulcenoticias.com\/index.php\/wp-json\/wp\/v2\/media\/6115"}],"wp:attachment":[{"href":"https:\/\/agridulcenoticias.com\/index.php\/wp-json\/wp\/v2\/media?parent=6114"}],"wp:term":[{"taxonomy":"category","embeddable":true,"href":"https:\/\/agridulcenoticias.com\/index.php\/wp-json\/wp\/v2\/categories?post=6114"},{"taxonomy":"post_tag","embeddable":true,"href":"https:\/\/agridulcenoticias.com\/index.php\/wp-json\/wp\/v2\/tags?post=6114"}],"curies":[{"name":"wp","href":"https:\/\/api.w.org\/{rel}","templated":true}]}}