{"id":6123,"date":"2026-04-23T12:47:00","date_gmt":"2026-04-23T18:47:00","guid":{"rendered":"https:\/\/agridulcenoticias.com\/?p=6123"},"modified":"2026-04-26T00:52:44","modified_gmt":"2026-04-26T06:52:44","slug":"jovenes-podran-presentar-iniciativas-ante-el-congreso-estatal","status":"publish","type":"post","link":"https:\/\/agridulcenoticias.com\/index.php\/2026\/04\/23\/jovenes-podran-presentar-iniciativas-ante-el-congreso-estatal\/","title":{"rendered":"J\u00f3venes podr\u00e1n presentar iniciativas ante el Congreso estatal"},"content":{"rendered":"\n<p>abril 23, 202<\/p>\n\n\n\n<p>CIUDAD VICTORIA, TAMPS. A finales de mayo se llevar\u00e1 a cabo el Congreso Tamaulipeco de la Juventud, una iniciativa que busca abrir un espacio para que personas de entre 18 y 29 a\u00f1os presenten ideas y proyectos que puedan convertirse en propuestas de ley.<\/p>\n\n\n\n<p>El director del Instituto Tamaulipeco para la Juventud, Oscar Rodr\u00edguez Perales, se\u00f1al\u00f3 que este ejercicio pretende organizar y canalizar las inquietudes juveniles mediante distintos ejes tem\u00e1ticos, con el objetivo de acercarlas al trabajo legislativo del Congreso del Estado.<\/p>\n\n\n\n<p>Durante una conferencia de prensa en la que se dio a conocer el proyecto, el funcionario destac\u00f3 la importancia de vincular a las y los j\u00f3venes con el proceso parlamentario y su funcionamiento interno.<\/p>\n\n\n\n<p>\u201cEste ejercicio nos va a permitir que las juventudes conozcan el quehacer de las y los diputados\u201d, se\u00f1al\u00f3, al subrayar la intenci\u00f3n de fortalecer esa relaci\u00f3n institucional.<\/p>\n\n\n\n<p>Rodr\u00edguez Perales explic\u00f3 que la meta no es solo recibir propuestas, sino lograr que tengan un impacto real en la vida p\u00fablica y en la toma de decisiones.<\/p>\n\n\n\n<p>\u201cLo que buscamos hacer es que se legisle tambi\u00e9n con una perspectiva joven\u201d, expres\u00f3, al referirse a la necesidad de incorporar nuevas visiones en la elaboraci\u00f3n de pol\u00edticas p\u00fablicas.<\/p>\n\n\n\n<p>A\u00f1adi\u00f3 que este tipo de iniciativas forman parte de un proceso m\u00e1s amplio de transformaci\u00f3n social que debe mantenerse en el tiempo.<\/p>\n\n\n\n<p>\u201cEscuchar la voz y las iniciativas de las personas j\u00f3venes nos va a permitir que la transformaci\u00f3n sea duradera\u201d, dijo.<\/p>\n\n\n\n<p>El titular del instituto tambi\u00e9n record\u00f3 que este congreso juvenil deriva de recientes reformas a la Ley de Participaci\u00f3n Ciudadana y a la normatividad interna del Congreso estatal, lo que permite formalizar este tipo de ejercicios.<\/p>\n\n\n\n<p>Finalmente, inform\u00f3 que la convocatoria permanecer\u00e1 abierta hasta el primero de mayo, mientras que el Congreso se realizar\u00e1 en la \u00faltima semana de ese mismo mes.<\/p>\n","protected":false},"excerpt":{"rendered":"<p>abril 23, 202 CIUDAD VICTORIA, TAMPS. A finales de mayo se llevar\u00e1 a cabo el&#8230;<\/p>\n","protected":false},"author":1,"featured_media":6124,"comment_status":"open","ping_status":"closed","sticky":false,"template":"","format":"standard","meta":{"footnotes":""},"categories":[5],"tags":[],"class_list":["post-6123","post","type-post","status-publish","format-standard","has-post-thumbnail","hentry","category-tamaulipas"],"_links":{"self":[{"href":"https:\/\/agridulcenoticias.com\/index.php\/wp-json\/wp\/v2\/posts\/6123","targetHints":{"allow":["GET"]}}],"collection":[{"href":"https:\/\/agridulcenoticias.com\/index.php\/wp-json\/wp\/v2\/posts"}],"about":[{"href":"https:\/\/agridulcenoticias.com\/index.php\/wp-json\/wp\/v2\/types\/post"}],"author":[{"embeddable":true,"href":"https:\/\/agridulcenoticias.com\/index.php\/wp-json\/wp\/v2\/users\/1"}],"replies":[{"embeddable":true,"href":"https:\/\/agridulcenoticias.com\/index.php\/wp-json\/wp\/v2\/comments?post=6123"}],"version-history":[{"count":1,"href":"https:\/\/agridulcenoticias.com\/index.php\/wp-json\/wp\/v2\/posts\/6123\/revisions"}],"predecessor-version":[{"id":6125,"href":"https:\/\/agridulcenoticias.com\/index.php\/wp-json\/wp\/v2\/posts\/6123\/revisions\/6125"}],"wp:featuredmedia":[{"embeddable":true,"href":"https:\/\/agridulcenoticias.com\/index.php\/wp-json\/wp\/v2\/media\/6124"}],"wp:attachment":[{"href":"https:\/\/agridulcenoticias.com\/index.php\/wp-json\/wp\/v2\/media?parent=6123"}],"wp:term":[{"taxonomy":"category","embeddable":true,"href":"https:\/\/agridulcenoticias.com\/index.php\/wp-json\/wp\/v2\/categories?post=6123"},{"taxonomy":"post_tag","embeddable":true,"href":"https:\/\/agridulcenoticias.com\/index.php\/wp-json\/wp\/v2\/tags?post=6123"}],"curies":[{"name":"wp","href":"https:\/\/api.w.org\/{rel}","templated":true}]}}