{"id":6141,"date":"2026-04-24T13:17:00","date_gmt":"2026-04-24T19:17:00","guid":{"rendered":"https:\/\/agridulcenoticias.com\/?p=6141"},"modified":"2026-04-26T01:21:06","modified_gmt":"2026-04-26T07:21:06","slug":"fortalece-monica-villarreal-anaya-salud-publica-en-zonas-prioritarias-de-tampico","status":"publish","type":"post","link":"https:\/\/agridulcenoticias.com\/index.php\/2026\/04\/24\/fortalece-monica-villarreal-anaya-salud-publica-en-zonas-prioritarias-de-tampico\/","title":{"rendered":"Fortalece M\u00f3nica Villarreal Anaya salud p\u00fablica en zonas prioritarias de Tampico"},"content":{"rendered":"\n<p>abril 24, 2026<\/p>\n\n\n\n<p>TAMPICO, TAMAULIPAS. \u2013 Como parte de las acciones encaminadas a fortalecer la salud p\u00fablica y garantizar el acceso a servicios m\u00e9dicos de calidad en zonas prioritarias, el Gobierno Municipal de Tampico, encabezado por la alcaldesa M\u00f3nica Villarreal Anaya, puso en marcha el programa \u201cSonrisas del Bienestar\u201d en el campo Baby P\u00e9rez, ubicado en la colonia Luis Echeverr\u00eda, donde las familias tendr\u00e1n acceso a servicios dentales totalmente gratuitos.<\/p>\n\n\n\n<p>Acompa\u00f1ada por el secretario de Bienestar Social, Alejandro Rubio de la Portilla; el director de la Facultad de Odontolog\u00eda de la Universidad Aut\u00f3noma de Tamaulipas, Rogelio Oliver Parra; y la regidora presidenta de la Comisi\u00f3n de Saludautoridad , Dorena Caballero Bonilla, la jefa de la comuna, destac\u00f3 que este programa tiene como prop\u00f3sito acercar servicios odontol\u00f3gicos gratuitos a la poblaci\u00f3n mediante unidades m\u00f3viles equipadas, atendidas por personal capacitado y estudiantes de \u00faltimos semestres de odontolog\u00eda.<\/p>\n\n\n\n<p>\u201cVamos exactamente a la mitad del camino, y un evento como este nos redobla el inter\u00e9s y las fuerzas para seguir trabajando, porque este es el verdadero motivo de todos quienes formamos parte de esta administraci\u00f3n: atender, dar respuesta y transformar vidas\u201d, expres\u00f3 la presidenta municipal.<\/p>\n\n\n\n<p>M\u00f3nica Villarreal subray\u00f3 que, a la fecha, el programa ha beneficiado a mil 509 personas, con la realizaci\u00f3n de 3 mil 251 tratamientos dentales completamente gratuitos, lo que representa un ahorro directo para las familias de 4 millones 332 mil 775 pesos.<\/p>\n\n\n\n<p>Asimismo, reiter\u00f3 que el trabajo coordinado con la Universidad Aut\u00f3noma de Tamaulipas y, en especial, con la Facultad de Odontolog\u00eda, ha sido fundamental para alcanzar estos resultados y contribuir al bienestar de la poblaci\u00f3n.<\/p>\n\n\n\n<p>El programa \u201cSonrisas del Bienestar\u201d contempla servicios como limpiezas, extracciones, restauraciones directas e indirectas, aplicaci\u00f3n de fl\u00faor, colocaci\u00f3n de placas dentales y acciones preventivas para disminuir la incidencia de enfermedades bucales.<\/p>\n\n\n\n<p>En esta etapa, dos unidades m\u00f3viles permanecer\u00e1n en la colonia Luis Echeverr\u00eda hasta atender a un n\u00famero significativo de habitantes, iniciando con jornadas preventivas en la Escuela Primaria \u201c5 de Febrero\u201d, mediante la atenci\u00f3n a ni\u00f1as y ni\u00f1os con la aplicaci\u00f3n de fl\u00faor.<\/p>\n\n\n\n<p>Cabe destacar que este programa ha recorrido diversas colonias del municipio, entre ellas Golfo, Morelos, Borreguera, Colosio y Tamaulipas, adem\u00e1s de extender su cobertura a espacios p\u00fablicos y eventos como la Feria de Profeco, Casa Maka y Multimedios, acercando estos servicios a distintos sectores de la poblaci\u00f3n.<\/p>\n\n\n\n<p>De manera paralela, el Gobierno Municipal mantiene una estrecha coordinaci\u00f3n con el Sistema DIF Tampico, a trav\u00e9s del cual se brindan servicios odontol\u00f3gicos gratuitos en m\u00f3dulos fijos ubicados en el Centro de Desarrollo Comunitario Morelos, el Centro de Fortalecimiento Familiar y las instalaciones del DIF en la zona centro, fortaleciendo as\u00ed la cobertura y garantizando atenci\u00f3n permanente.<\/p>\n\n\n\n<p>En representaci\u00f3n de las y los beneficiarios, la se\u00f1ora Guillermina Salcido Ayala agradeci\u00f3 el respaldo del Gobierno Municipal por la implementaci\u00f3n de este programa, destacando el impacto positivo en la salud de las familias.<\/p>\n\n\n\n<p>Al t\u00e9rmino del acto, Villarreal Anaya, recorri\u00f3 los m\u00f3dulos de atenci\u00f3n, donde aprovech\u00f3 para saludar a la ciudadan\u00eda y atender y dar respuesta a sus peticiones.<\/p>\n","protected":false},"excerpt":{"rendered":"<p>abril 24, 2026 TAMPICO, TAMAULIPAS. \u2013 Como parte de las acciones encaminadas a fortalecer la&#8230;<\/p>\n","protected":false},"author":1,"featured_media":6142,"comment_status":"open","ping_status":"closed","sticky":false,"template":"","format":"standard","meta":{"footnotes":""},"categories":[2],"tags":[],"class_list":["post-6141","post","type-post","status-publish","format-standard","has-post-thumbnail","hentry","category-tampico"],"_links":{"self":[{"href":"https:\/\/agridulcenoticias.com\/index.php\/wp-json\/wp\/v2\/posts\/6141","targetHints":{"allow":["GET"]}}],"collection":[{"href":"https:\/\/agridulcenoticias.com\/index.php\/wp-json\/wp\/v2\/posts"}],"about":[{"href":"https:\/\/agridulcenoticias.com\/index.php\/wp-json\/wp\/v2\/types\/post"}],"author":[{"embeddable":true,"href":"https:\/\/agridulcenoticias.com\/index.php\/wp-json\/wp\/v2\/users\/1"}],"replies":[{"embeddable":true,"href":"https:\/\/agridulcenoticias.com\/index.php\/wp-json\/wp\/v2\/comments?post=6141"}],"version-history":[{"count":1,"href":"https:\/\/agridulcenoticias.com\/index.php\/wp-json\/wp\/v2\/posts\/6141\/revisions"}],"predecessor-version":[{"id":6143,"href":"https:\/\/agridulcenoticias.com\/index.php\/wp-json\/wp\/v2\/posts\/6141\/revisions\/6143"}],"wp:featuredmedia":[{"embeddable":true,"href":"https:\/\/agridulcenoticias.com\/index.php\/wp-json\/wp\/v2\/media\/6142"}],"wp:attachment":[{"href":"https:\/\/agridulcenoticias.com\/index.php\/wp-json\/wp\/v2\/media?parent=6141"}],"wp:term":[{"taxonomy":"category","embeddable":true,"href":"https:\/\/agridulcenoticias.com\/index.php\/wp-json\/wp\/v2\/categories?post=6141"},{"taxonomy":"post_tag","embeddable":true,"href":"https:\/\/agridulcenoticias.com\/index.php\/wp-json\/wp\/v2\/tags?post=6141"}],"curies":[{"name":"wp","href":"https:\/\/api.w.org\/{rel}","templated":true}]}}