{"id":6165,"date":"2026-04-24T15:41:00","date_gmt":"2026-04-24T21:41:00","guid":{"rendered":"https:\/\/agridulcenoticias.com\/?p=6165"},"modified":"2026-04-26T03:44:26","modified_gmt":"2026-04-26T09:44:26","slug":"mexico-obtiene-plata-y-bronce-en-la-copa-del-mundo-de-ciclismo-de-pista","status":"publish","type":"post","link":"https:\/\/agridulcenoticias.com\/index.php\/2026\/04\/24\/mexico-obtiene-plata-y-bronce-en-la-copa-del-mundo-de-ciclismo-de-pista\/","title":{"rendered":"M\u00e9xico obtiene plata y bronce en la Copa del Mundo de Ciclismo de Pista"},"content":{"rendered":"\n<p>Yareli Acevedo y la dupla Daniela Gaxiola-Yuli Verdugo ganaron plata y bronce en la tercera parada de la Copa del Mundo de Ciclismo de Pista<\/p>\n\n\n\n<p>abril 24, 2026<\/p>\n\n\n\n<p>Las mexicanas Yareli Acevedo en la prueba de Eliminaci\u00f3n y la dupla de velocidad por equipos de las ol\u00edmpicas Daniela Gaxiola y Yuli Verdugo subieron al podio con preseas de plata y bronce en la tercera parada de la Copa del Mundo de Ciclismo de Pista que en esta ocasi\u00f3n tiene lugar en la ciudad malaya de Nilai.<\/p>\n\n\n\n<p>Sobre la pista de 250 metros del Vel\u00f3dromo Nacional de Malasia, Yareli Acevedo volvi\u00f3 a ser parte de las medallistas al sumar su cuarta medalla en este serial que inici\u00f3 en Perth, Australia, en donde se apoder\u00f3 del oro en la Eliminaci\u00f3n y el bronce en la Madison junto a la subcampeona mundial Sof\u00eda Arreola.<\/p>\n\n\n\n<p>Luego en la estaci\u00f3n en Hong Kong, la campeona mundial en Santiago 2025 se hizo del bronce en el Omnium y en la tercera parada en esta ciudad malaya de Nilai, volvi\u00f3 a cubrirse de plata en la Eliminaci\u00f3n, en una prueba llena de dramatismo y estrategia de principio a fin.<\/p>\n\n\n\n<p>El oro fue para la noruega Anita Yvonne Stenberg y el bronce para la irlandesa Lara Gillespie.<\/p>\n\n\n\n<p>Por su parte, la dupla de las ol\u00edmpicas de Par\u00eds 2024, Daniela Gaxiola y Yuli Verdugo (Mar\u00eda Jos\u00e9 Vizcaino) lograron un resultado importante en este nuevo proceso al conseguir la presea de bronce en la velocidad por equipos al ganar el heat por la presa el cuadro polaco de Marlena Karwacka, Nicola Seremak y Nikola Sibiak.<\/p>\n\n\n\n<p>El crono del conjunto mexicano fue de 47.404 seg., por 47.635 de las europeas para obtener lo que es la primera presea de la campa\u00f1a. La medalla de oro fue para China (46.042) que se impuso a Pa\u00edses Bajos (46.535).<\/p>\n\n\n\n<p>El elenco nacional mexicano vive su proceso con miras al Campeonato Mundial de Ciclismo en Pista 2026, y desde luego el proceso clasificatorio rumbo a Los \u00c1ngeles 2028.<\/p>\n\n\n\n<p>Para este s\u00e1bado 25 de abril regresan a la pista Daniela Gaxiola y Yuli Verdugo, en la velocidad individual; Jafet L\u00f3pez e Ismael Verdugo en el Keirin, as\u00ed como el ol\u00edmpico de Par\u00eds 2024, Ricardo Pe\u00f1a en el Omnium.<\/p>\n","protected":false},"excerpt":{"rendered":"<p>Yareli Acevedo y la dupla Daniela Gaxiola-Yuli Verdugo ganaron plata y bronce en la tercera&#8230;<\/p>\n","protected":false},"author":1,"featured_media":6166,"comment_status":"open","ping_status":"closed","sticky":false,"template":"","format":"standard","meta":{"footnotes":""},"categories":[6],"tags":[],"class_list":["post-6165","post","type-post","status-publish","format-standard","has-post-thumbnail","hentry","category-deportes"],"_links":{"self":[{"href":"https:\/\/agridulcenoticias.com\/index.php\/wp-json\/wp\/v2\/posts\/6165","targetHints":{"allow":["GET"]}}],"collection":[{"href":"https:\/\/agridulcenoticias.com\/index.php\/wp-json\/wp\/v2\/posts"}],"about":[{"href":"https:\/\/agridulcenoticias.com\/index.php\/wp-json\/wp\/v2\/types\/post"}],"author":[{"embeddable":true,"href":"https:\/\/agridulcenoticias.com\/index.php\/wp-json\/wp\/v2\/users\/1"}],"replies":[{"embeddable":true,"href":"https:\/\/agridulcenoticias.com\/index.php\/wp-json\/wp\/v2\/comments?post=6165"}],"version-history":[{"count":1,"href":"https:\/\/agridulcenoticias.com\/index.php\/wp-json\/wp\/v2\/posts\/6165\/revisions"}],"predecessor-version":[{"id":6167,"href":"https:\/\/agridulcenoticias.com\/index.php\/wp-json\/wp\/v2\/posts\/6165\/revisions\/6167"}],"wp:featuredmedia":[{"embeddable":true,"href":"https:\/\/agridulcenoticias.com\/index.php\/wp-json\/wp\/v2\/media\/6166"}],"wp:attachment":[{"href":"https:\/\/agridulcenoticias.com\/index.php\/wp-json\/wp\/v2\/media?parent=6165"}],"wp:term":[{"taxonomy":"category","embeddable":true,"href":"https:\/\/agridulcenoticias.com\/index.php\/wp-json\/wp\/v2\/categories?post=6165"},{"taxonomy":"post_tag","embeddable":true,"href":"https:\/\/agridulcenoticias.com\/index.php\/wp-json\/wp\/v2\/tags?post=6165"}],"curies":[{"name":"wp","href":"https:\/\/api.w.org\/{rel}","templated":true}]}}