{"id":6174,"date":"2026-04-25T15:58:00","date_gmt":"2026-04-25T21:58:00","guid":{"rendered":"https:\/\/agridulcenoticias.com\/?p=6174"},"modified":"2026-04-26T04:01:54","modified_gmt":"2026-04-26T10:01:54","slug":"trump-comparte-fotos-y-un-video-del-sospechoso-del-tiroteo-en-la-cena-de-corresponsales","status":"publish","type":"post","link":"https:\/\/agridulcenoticias.com\/index.php\/2026\/04\/25\/trump-comparte-fotos-y-un-video-del-sospechoso-del-tiroteo-en-la-cena-de-corresponsales\/","title":{"rendered":"Trump comparte fotos y un video del sospechoso del tiroteo en la cena de corresponsales"},"content":{"rendered":"\n<p>Trump comparti\u00f3 una serie de im\u00e1genes que muestran el momento de la detenci\u00f3n del sospechoso del tiroteo en la cena de corresponsales<\/p>\n\n\n\n<p>abril 25, 2026<\/p>\n\n\n\n<p>El presidente de Estados Unidos, Donald Trump, comparti\u00f3 a trav\u00e9s de su red Truth Social una serie de im\u00e1genes y un video que muestran el momento de la detenci\u00f3n y la persecuci\u00f3n del sospechoso del tiroteo ocurrido durante la cena de la Asociaci\u00f3n de Corresponsales de la Casa Blanca.<\/p>\n\n\n\n<p>pic.twitter.com\/zcgVgZivwD<\/p>\n\n\n\n<p>\u2014 Rapid Response 47 (@RapidResponse47) April 26, 2026<\/p>\n\n\n\n<p>Los mensajes publicados por el mandatario carecen de texto adjunto y se limitan a la difusi\u00f3n de material visual sobre el incidente protagonizado por un hombre de 31 a\u00f1os, originario de California, cuya identidad no ha sido revelada oficialmente en este contexto.<\/p>\n\n\n\n<p>Trump comparti\u00f3 dos im\u00e1genes que muestran al sospechoso tendido en el suelo, boca abajo y sin ropa, mientras es custodiado por agentes de las fuerzas de seguridad tras ser detenido.<\/p>\n\n\n\n<p>Mientras que el v\u00eddeo capta al joven corriendo por los pasillos del hotel donde se celebraba el evento. En la secuencia, se observa a un agente de seguridad abrir fuego en direcci\u00f3n al sospechoso.<\/p>\n\n\n\n<p>No obstante, el material audiovisual es inconcluso respecto al desenlace de los disparos, ya que el individuo sale del \u00e1ngulo de visi\u00f3n de la c\u00e1mara en el momento en que el agente responde a la situaci\u00f3n, impidiendo confirmar si result\u00f3 herido de bala en ese instante preciso.<\/p>\n\n\n\n<p>La de hoy era la primera cena de la WHCA a la que acud\u00eda Trump como presidente, ya que decidi\u00f3 boicotearlas durante su primer mandato, y tambi\u00e9n el a\u00f1o pasado, cuando retorn\u00f3 a la Casa Blanca tras ganar las presidenciales de noviembre de 2024.<\/p>\n","protected":false},"excerpt":{"rendered":"<p>Trump comparti\u00f3 una serie de im\u00e1genes que muestran el momento de la detenci\u00f3n del sospechoso&#8230;<\/p>\n","protected":false},"author":1,"featured_media":6175,"comment_status":"open","ping_status":"closed","sticky":false,"template":"","format":"standard","meta":{"footnotes":""},"categories":[15],"tags":[],"class_list":["post-6174","post","type-post","status-publish","format-standard","has-post-thumbnail","hentry","category-internacional"],"_links":{"self":[{"href":"https:\/\/agridulcenoticias.com\/index.php\/wp-json\/wp\/v2\/posts\/6174","targetHints":{"allow":["GET"]}}],"collection":[{"href":"https:\/\/agridulcenoticias.com\/index.php\/wp-json\/wp\/v2\/posts"}],"about":[{"href":"https:\/\/agridulcenoticias.com\/index.php\/wp-json\/wp\/v2\/types\/post"}],"author":[{"embeddable":true,"href":"https:\/\/agridulcenoticias.com\/index.php\/wp-json\/wp\/v2\/users\/1"}],"replies":[{"embeddable":true,"href":"https:\/\/agridulcenoticias.com\/index.php\/wp-json\/wp\/v2\/comments?post=6174"}],"version-history":[{"count":1,"href":"https:\/\/agridulcenoticias.com\/index.php\/wp-json\/wp\/v2\/posts\/6174\/revisions"}],"predecessor-version":[{"id":6176,"href":"https:\/\/agridulcenoticias.com\/index.php\/wp-json\/wp\/v2\/posts\/6174\/revisions\/6176"}],"wp:featuredmedia":[{"embeddable":true,"href":"https:\/\/agridulcenoticias.com\/index.php\/wp-json\/wp\/v2\/media\/6175"}],"wp:attachment":[{"href":"https:\/\/agridulcenoticias.com\/index.php\/wp-json\/wp\/v2\/media?parent=6174"}],"wp:term":[{"taxonomy":"category","embeddable":true,"href":"https:\/\/agridulcenoticias.com\/index.php\/wp-json\/wp\/v2\/categories?post=6174"},{"taxonomy":"post_tag","embeddable":true,"href":"https:\/\/agridulcenoticias.com\/index.php\/wp-json\/wp\/v2\/tags?post=6174"}],"curies":[{"name":"wp","href":"https:\/\/api.w.org\/{rel}","templated":true}]}}