{"id":6206,"date":"2026-04-26T12:01:42","date_gmt":"2026-04-26T18:01:42","guid":{"rendered":"https:\/\/agridulcenoticias.com\/?p=6206"},"modified":"2026-04-29T12:03:00","modified_gmt":"2026-04-29T18:03:00","slug":"celebran-mas-de-4-mil-ninas-y-ninos-su-dia-con-el-dif-ciudad-madero","status":"publish","type":"post","link":"https:\/\/agridulcenoticias.com\/index.php\/2026\/04\/26\/celebran-mas-de-4-mil-ninas-y-ninos-su-dia-con-el-dif-ciudad-madero\/","title":{"rendered":"CELEBRAN M\u00c1S DE 4 MIL NI\u00d1AS Y NI\u00d1OS SU D\u00cdA CON EL DIF CIUDAD MADERO"},"content":{"rendered":"\n<p>abril 26, 2026<\/p>\n\n\n\n<p>Ciudad Madero, Tamaulipas.\u2013 M\u00e1s de 4 mil ni\u00f1as y ni\u00f1os disfrutaron de una gran celebraci\u00f3n organizada por el Sistema DIF Ciudad Madero, en sinergia con el Gobierno Municipal, todo esto en el Parque Bicentenario, con motivo del D\u00eda del Ni\u00f1o, en un evento lleno de alegr\u00eda, convivencia familiar y actividades recreativas.<\/p>\n\n\n\n<p>La Presidenta del Organismo, la Lic. Dunia Mar\u00f3n Acu\u00f1a, encabez\u00f3 este festejo acompa\u00f1ada por el Presidente Municipal, C.P. Erasmo Gonz\u00e1lez Robledo, as\u00ed como sus hijas Ana Victoria y Mar\u00eda Eliza, dando una muestra de la convicci\u00f3n por impulsar acciones que promuevan el bienestar y desarrollo integral de la ni\u00f1ez maderense.<\/p>\n\n\n\n<p>\u201cPara nosotros, las ni\u00f1as y los ni\u00f1os son lo m\u00e1s importante. Desde que llegamos al DIF sab\u00edamos que ten\u00edamos que marcar la diferencia, y hoy lo estamos haciendo con un evento pensado completamente para ustedes y sus familias, quisimos redoblar esfuerzos con lo realizado el a\u00f1o pasado, y estoy segura que as\u00ed pudimos lograrlo, por y para ustedes\u201d, expres\u00f3 la Presidenta.<\/p>\n\n\n\n<p>Durante la jornada, las familias disfrutaron de presentaciones art\u00edsticas, destacando el espect\u00e1culo infantil de los reconocidos payasos \u201cMay\u00edn y Chilindr\u00edn\u201d, as\u00ed como din\u00e1micas, rifas, entrega de regalos, inflables y actividades recreativas dise\u00f1adas para fomentar la sana convivencia.<\/p>\n\n\n\n<p>\u201cQueremos que cada ni\u00f1a y cada ni\u00f1o se sienta querido, cuidado y celebrado. Este es un DIF de puertas abiertas, donde todos caben y donde estamos rompiendo moldes para hacer las cosas de manera diferente, siempre de la mano de nuestra Presidenta del DIF Tamaulipas, Dra. Mar\u00eda Santiago de Villarreal\u201d, se\u00f1al\u00f3.<\/p>\n","protected":false},"excerpt":{"rendered":"<p>abril 26, 2026 Ciudad Madero, Tamaulipas.\u2013 M\u00e1s de 4 mil ni\u00f1as y ni\u00f1os disfrutaron de&#8230;<\/p>\n","protected":false},"author":1,"featured_media":6207,"comment_status":"open","ping_status":"closed","sticky":false,"template":"","format":"standard","meta":{"footnotes":""},"categories":[3],"tags":[],"class_list":["post-6206","post","type-post","status-publish","format-standard","has-post-thumbnail","hentry","category-madero"],"_links":{"self":[{"href":"https:\/\/agridulcenoticias.com\/index.php\/wp-json\/wp\/v2\/posts\/6206","targetHints":{"allow":["GET"]}}],"collection":[{"href":"https:\/\/agridulcenoticias.com\/index.php\/wp-json\/wp\/v2\/posts"}],"about":[{"href":"https:\/\/agridulcenoticias.com\/index.php\/wp-json\/wp\/v2\/types\/post"}],"author":[{"embeddable":true,"href":"https:\/\/agridulcenoticias.com\/index.php\/wp-json\/wp\/v2\/users\/1"}],"replies":[{"embeddable":true,"href":"https:\/\/agridulcenoticias.com\/index.php\/wp-json\/wp\/v2\/comments?post=6206"}],"version-history":[{"count":1,"href":"https:\/\/agridulcenoticias.com\/index.php\/wp-json\/wp\/v2\/posts\/6206\/revisions"}],"predecessor-version":[{"id":6208,"href":"https:\/\/agridulcenoticias.com\/index.php\/wp-json\/wp\/v2\/posts\/6206\/revisions\/6208"}],"wp:featuredmedia":[{"embeddable":true,"href":"https:\/\/agridulcenoticias.com\/index.php\/wp-json\/wp\/v2\/media\/6207"}],"wp:attachment":[{"href":"https:\/\/agridulcenoticias.com\/index.php\/wp-json\/wp\/v2\/media?parent=6206"}],"wp:term":[{"taxonomy":"category","embeddable":true,"href":"https:\/\/agridulcenoticias.com\/index.php\/wp-json\/wp\/v2\/categories?post=6206"},{"taxonomy":"post_tag","embeddable":true,"href":"https:\/\/agridulcenoticias.com\/index.php\/wp-json\/wp\/v2\/tags?post=6206"}],"curies":[{"name":"wp","href":"https:\/\/api.w.org\/{rel}","templated":true}]}}