{"id":712,"date":"2025-09-01T12:07:26","date_gmt":"2025-09-01T18:07:26","guid":{"rendered":"https:\/\/radioomax.com\/?p=712"},"modified":"2025-09-01T12:07:26","modified_gmt":"2025-09-01T18:07:26","slug":"arranca-ciclo-escolar-2025-2026-en-tamaulipas-con-entrega-de-utiles-uniformes-y-libros-de-texto","status":"publish","type":"post","link":"https:\/\/agridulcenoticias.com\/index.php\/2025\/09\/01\/arranca-ciclo-escolar-2025-2026-en-tamaulipas-con-entrega-de-utiles-uniformes-y-libros-de-texto\/","title":{"rendered":"Arranca ciclo escolar 2025-2026 en Tamaulipas con entrega de \u00fatiles, uniformes y libros de texto"},"content":{"rendered":"\n<p>A nombre del gobernador Am\u00e9rico Villarreal Anaya, el secretario de Educaci\u00f3n presidi\u00f3 el evento inicial en Soto la Marina.<\/p>\n\n\n\n<p>SOTO LA MARINA, TAMPS. A nombre del gobernador Am\u00e9rico Villarreal Anaya, el secretario de Educaci\u00f3n, Miguel \u00c1ngel Valdez Garc\u00eda, puso en marcha el ciclo escolar 2025\u20132026, en el que se entregaron m\u00e1s de 538 mil paquetes de \u00fatiles, 48 mil uniformes escolares y casi 4 millones de libros de texto gratuitos en el estado.<\/p>\n\n\n\n<p>Durante el evento, Valdez Garc\u00eda destac\u00f3 que, por iniciativa de Am\u00e9rico Villarreal, el Gobierno de Tamaulipas destin\u00f3 recursos propios para m\u00e1s de medio mill\u00f3n de paquetes de \u00fatiles escolares para todas las ni\u00f1as y los ni\u00f1os de los 43 municipios de la entidad y, en 25 municipios, se repartieron 48 mil uniformes.<\/p>\n\n\n\n<p>\u201cNecesitamos realizar nuestro m\u00e1ximo esfuerzo, darlo todo por el aprovechamiento, el aprendizaje y para que la escuela sea el mejor espacio para una vida feliz, una vida saludable, una vida plena de conocimientos y de convivencia en armon\u00eda y paz\u201d, dijo.<\/p>\n\n\n\n<p>En la centenaria Escuela Primaria General Felipe de la Garza de esta ciudad, y acompa\u00f1ado por la presidenta municipal, Glynnis Georgina Jim\u00e9nez V\u00e1zquez, el titular de la SET reiter\u00f3 el compromiso del gobernador para que la educaci\u00f3n sea el pilar de la transformaci\u00f3n.<\/p>\n\n\n\n<p>\u201cQue este sea un gran ciclo escolar, lleno de esperanzas, \u00e9xitos y mucha felicidad para todos\u201d, agreg\u00f3.<\/p>\n\n\n\n<p>Por su parte, Arnulfo Rodr\u00edguez Trevi\u00f1o, secretario general de la Secci\u00f3n 30 del SNTE, dio a conocer que, gracias al apoyo del gobernador Am\u00e9rico Villarreal, este d\u00eda tambi\u00e9n iniciaron actividades seis escuelas normales y cinco planteles de la Universidad Pedag\u00f3gica Nacional.<\/p>\n\n\n\n<p>\u201cTodos los muchachos que quisieron abrazar la educaci\u00f3n, gracias al doctor Am\u00e9rico, est\u00e1n recibiendo ya formaci\u00f3n en las normales. Por eso me da mucho gusto hacerlo p\u00fablico: como dijo nuestra presidenta, en M\u00e9xico no se puede privar a nadie de la educaci\u00f3n, y eso es lo que est\u00e1 haciendo, con el ejemplo, Am\u00e9rico Villarreal\u201d, expres\u00f3.<\/p>\n\n\n\n<p>Al dar la bienvenida al evento, la alcaldesa de Soto la Marina, Glynnis Jim\u00e9nez V\u00e1zquez, destac\u00f3 los apoyos recibidos en obras y programas por parte del gobernador y por su cercan\u00eda con las familias de todo el municipio.<\/p>\n\n\n\n<p>\u201cGracias a su liderazgo humanista, nuestro municipio avanza con esperanza, confianza y con la certeza de que Tamaulipas est\u00e1 construyendo un futuro m\u00e1s justo, pr\u00f3spero y solidario\u201d, dijo.<\/p>\n\n\n\n<p>Tambi\u00e9n el director de la escuela, Alejandro Villarreal Ram\u00edrez, y el alumno H\u00e9ctor Emmanuel Alonso Mora participaron en la ceremonia para agradecer la entrega de \u00fatiles y uniformes escolares.<\/p>\n\n\n\n<p>\u201cNos comprometemos a redoblar esfuerzos y trabajar mucho m\u00e1s en nuestras aulas, a ser mejores compa\u00f1eros, mejores alumnos y mejores hijos en nuestros hogares\u201d, expres\u00f3 el alumno de sexto a\u00f1o a nombre de sus compa\u00f1eros.<\/p>\n\n\n\n<p>En el evento estuvieron presentes la diputada Yuriria Iturbe V\u00e1zquez, presidenta de la Comisi\u00f3n de Educaci\u00f3n del Congreso; Nora Hilda de los Reyes, subsecretaria de Educaci\u00f3n B\u00e1sica; Sa\u00fal Rivera Mart\u00ednez, en representaci\u00f3n de la 48 Zona Militar; Silvia Vidal Villa, del Sector Naval La Pesca; Fernando Leal R\u00edos, secretario de Investigaci\u00f3n y Posgrado, en representaci\u00f3n del rector de la UAT; y Rosario Canchola Gonz\u00e1lez, presidenta de la Asociaci\u00f3n de Padres de Familia, as\u00ed como funcionarios de la SET, integrantes de la estructura sindical del SNTE y directivos y alumnos de otros planteles del municipio.<\/p>\n","protected":false},"excerpt":{"rendered":"<p>A nombre del gobernador Am\u00e9rico Villarreal Anaya, el secretario de Educaci\u00f3n presidi\u00f3 el evento inicial&#8230;<\/p>\n","protected":false},"author":1,"featured_media":713,"comment_status":"open","ping_status":"closed","sticky":false,"template":"","format":"standard","meta":{"footnotes":""},"categories":[5],"tags":[],"class_list":["post-712","post","type-post","status-publish","format-standard","has-post-thumbnail","hentry","category-tamaulipas"],"_links":{"self":[{"href":"https:\/\/agridulcenoticias.com\/index.php\/wp-json\/wp\/v2\/posts\/712","targetHints":{"allow":["GET"]}}],"collection":[{"href":"https:\/\/agridulcenoticias.com\/index.php\/wp-json\/wp\/v2\/posts"}],"about":[{"href":"https:\/\/agridulcenoticias.com\/index.php\/wp-json\/wp\/v2\/types\/post"}],"author":[{"embeddable":true,"href":"https:\/\/agridulcenoticias.com\/index.php\/wp-json\/wp\/v2\/users\/1"}],"replies":[{"embeddable":true,"href":"https:\/\/agridulcenoticias.com\/index.php\/wp-json\/wp\/v2\/comments?post=712"}],"version-history":[{"count":0,"href":"https:\/\/agridulcenoticias.com\/index.php\/wp-json\/wp\/v2\/posts\/712\/revisions"}],"wp:featuredmedia":[{"embeddable":true,"href":"https:\/\/agridulcenoticias.com\/index.php\/wp-json\/wp\/v2\/media\/713"}],"wp:attachment":[{"href":"https:\/\/agridulcenoticias.com\/index.php\/wp-json\/wp\/v2\/media?parent=712"}],"wp:term":[{"taxonomy":"category","embeddable":true,"href":"https:\/\/agridulcenoticias.com\/index.php\/wp-json\/wp\/v2\/categories?post=712"},{"taxonomy":"post_tag","embeddable":true,"href":"https:\/\/agridulcenoticias.com\/index.php\/wp-json\/wp\/v2\/tags?post=712"}],"curies":[{"name":"wp","href":"https:\/\/api.w.org\/{rel}","templated":true}]}}