{"id":727,"date":"2025-09-01T20:53:00","date_gmt":"2025-09-02T02:53:00","guid":{"rendered":"https:\/\/radioomax.com\/?p=727"},"modified":"2025-09-01T20:53:00","modified_gmt":"2025-09-02T02:53:00","slug":"luis-suarez-escupe-a-un-miembro-del-cuerpo-tecnico-del-seattle-sounders-en-la-final-de-leagues-cup","status":"publish","type":"post","link":"https:\/\/agridulcenoticias.com\/index.php\/2025\/09\/01\/luis-suarez-escupe-a-un-miembro-del-cuerpo-tecnico-del-seattle-sounders-en-la-final-de-leagues-cup\/","title":{"rendered":"Luis Su\u00e1rez escupe a un miembro del cuerpo t\u00e9cnico del Seattle Sounders en la final de Leagues Cup"},"content":{"rendered":"\n<p>El uruguayo Luis Su\u00e1rez, atacante del Inter Miami, protagoniz\u00f3 un momento vergonzoso en la final de Leagues Cup<\/p>\n\n\n\n<p>El uruguayo Luis Su\u00e1rez, delantero del Inter Miami, escupi\u00f3 a un miembro del cuerpo t\u00e9cnico de los Seattle Sounders durante la final de la Leagues Cup, perdida por 3-0 por el equipo de Florida.<\/p>\n\n\n\n<p>Las c\u00e1maras de Apple TV captaron el momento en el que Luis Su\u00e1rez escupe al integrante del cuerpo t\u00e9cnico rival despu\u00e9s de un altercado verbal.<\/p>\n\n\n\n<p>El incidente se produjo cuando varios jugadores del Inter Miami y de los Seattle Sounders protagonizaron una pelea en el centro del campo despu\u00e9s de que el \u00e1rbitro pitara el final del encuentro.<\/p>\n\n\n\n<p>Entre los involucrados tambi\u00e9n estuvo el espa\u00f1ol Sergio Busquets.<\/p>\n\n\n\n<p>En la rueda de prensa posterior al partido, el t\u00e9cnico del Inter Miami, Javier Mascherano, dijo que no hab\u00eda visto lo que ocurri\u00f3.<\/p>\n\n\n\n<p>\u201cA nadie nos gusta que al final del partido haya este tipo de acciones, cuando hay una reacci\u00f3n, puede ser que haya una provocaci\u00f3n, pero no s\u00e9 qu\u00e9 es lo que pas\u00f3\u201d, afirm\u00f3 Mascherano.<\/p>\n\n\n\n<p>Los Seattle Sounders arrollaron por 3-0 este domingo31 de agosto de 2025 al Inter Miami en el estadio Lumen Field de Seattle en la final de la Leagues Cup y dejaron a Leo Messi sin el que ser\u00eda su tercer t\u00edtulo en el f\u00fatbol estadounidense.<\/p>\n\n\n\n<p>Los goles de Osaze De Rosario, en la primera mitad, y de Alex Rold\u00e1n y Paul Rothrock, en la segunda, castigaron la falta de pegada del Inter Miami, que tuvo dos oportunidades claras para igualar el moment\u00e1neo 1-0, con Messi y Tadeo Allende.<\/p>\n\n\n\n<p>En calidad de finalista, el Inter Miami, campe\u00f3n de la Leagues Cup en 2023, disputar\u00e1 igualmente la Liga de Campeones de la Concacaf en 2026, al igual que los Sounders.<\/p>\n","protected":false},"excerpt":{"rendered":"<p>El uruguayo Luis Su\u00e1rez, atacante del Inter Miami, protagoniz\u00f3 un momento vergonzoso en la final&#8230;<\/p>\n","protected":false},"author":1,"featured_media":728,"comment_status":"open","ping_status":"closed","sticky":false,"template":"","format":"standard","meta":{"footnotes":""},"categories":[6],"tags":[],"class_list":["post-727","post","type-post","status-publish","format-standard","has-post-thumbnail","hentry","category-deportes"],"_links":{"self":[{"href":"https:\/\/agridulcenoticias.com\/index.php\/wp-json\/wp\/v2\/posts\/727","targetHints":{"allow":["GET"]}}],"collection":[{"href":"https:\/\/agridulcenoticias.com\/index.php\/wp-json\/wp\/v2\/posts"}],"about":[{"href":"https:\/\/agridulcenoticias.com\/index.php\/wp-json\/wp\/v2\/types\/post"}],"author":[{"embeddable":true,"href":"https:\/\/agridulcenoticias.com\/index.php\/wp-json\/wp\/v2\/users\/1"}],"replies":[{"embeddable":true,"href":"https:\/\/agridulcenoticias.com\/index.php\/wp-json\/wp\/v2\/comments?post=727"}],"version-history":[{"count":0,"href":"https:\/\/agridulcenoticias.com\/index.php\/wp-json\/wp\/v2\/posts\/727\/revisions"}],"wp:featuredmedia":[{"embeddable":true,"href":"https:\/\/agridulcenoticias.com\/index.php\/wp-json\/wp\/v2\/media\/728"}],"wp:attachment":[{"href":"https:\/\/agridulcenoticias.com\/index.php\/wp-json\/wp\/v2\/media?parent=727"}],"wp:term":[{"taxonomy":"category","embeddable":true,"href":"https:\/\/agridulcenoticias.com\/index.php\/wp-json\/wp\/v2\/categories?post=727"},{"taxonomy":"post_tag","embeddable":true,"href":"https:\/\/agridulcenoticias.com\/index.php\/wp-json\/wp\/v2\/tags?post=727"}],"curies":[{"name":"wp","href":"https:\/\/api.w.org\/{rel}","templated":true}]}}