{"id":733,"date":"2025-09-01T20:59:00","date_gmt":"2025-09-02T02:59:00","guid":{"rendered":"https:\/\/radioomax.com\/?p=733"},"modified":"2025-09-01T20:59:00","modified_gmt":"2025-09-02T02:59:00","slug":"denuncian-que-trump-favorece-a-millonarios-con-redadas","status":"publish","type":"post","link":"https:\/\/agridulcenoticias.com\/index.php\/2025\/09\/01\/denuncian-que-trump-favorece-a-millonarios-con-redadas\/","title":{"rendered":"Denuncian que Trump favorece a millonarios con redadas"},"content":{"rendered":"\n<p><a><\/a>Miles de personas participan este lunes en m\u00e1s de mil protestas contra el presidente Trump; aseguran que las redadas favorecen a millonarios<\/p>\n\n\n\n<p>Trabajo en Estados Unidos, y acusan al magnate de favorecer a las grandes fortunas en detrimento de la clase trabajadora.<\/p>\n\n\n\n<p>La Federaci\u00f3n Estadounidense del Trabajo y Congreso de Organizaciones Industriales convoc\u00f3 m\u00e1s de mil protestas por todo el pa\u00eds, especialmente en los estados dem\u00f3cratas de California, Nueva York e Illinois, bajo el lema \u2018Los trabajadores por encima de los multimillonarios\u201d.<\/p>\n\n\n\n<p>El prop\u00f3sito de las manifestaciones es detener lo que consideran \u201cla toma de poder\u201d por parte de las grandes fortunas, para lo que reclaman un aumento de la financiaci\u00f3n de los servicios p\u00fablicos, de la inversi\u00f3n en las personas en lugar de en guerras y la protecci\u00f3n del sistema educativo.<\/p>\n\n\n\n<p>Una de las mayores movilizaciones tiene lugar en la ciudad de Chicago, donde esta fecha festiva coincide con un momento de especial tensi\u00f3n por la posible militarizaci\u00f3n de la urbe por parte del Gobierno de Estados Unidos.<\/p>\n\n\n\n<p>\u201cEsto no es una democracia\u201d, se escuch\u00f3 corear a varios de los manifestantes, mientras bailaban al ritmo de la m\u00fasica y avanzaban sosteniendo pancartas o carteles.<\/p>\n\n\n\n<p>Uno de ellos, sostenido por un hombre, rezaba \u2018No a las tropas en Chicago\u2019, mientras que otro que portaba una mujer dec\u00eda: \u2018Parad las deportaciones, defended a los migrantes, dejando claro que ambos asuntos se hab\u00edan mezclado con las protestas por el D\u00eda del Trabajo.<\/p>\n\n\n\n<p>Trump es uno de los multimillonarios que est\u00e1 destrozando nuestro pa\u00eds, esta jugando un rol para llenar sus bolsillos y los de sus amigos multimillonarios\u201d, dijo uno de los miembros de la organizaci\u00f3n durante su discurso.<\/p>\n\n\n\n<p>La Administraci\u00f3n Trump ha manifestado su deseo de desplegar pr\u00f3ximamente la Guardia Nacional en Chicago para combatir el crimen en la ciudad, como hizo recientemente en Washington D.C.<\/p>\n\n\n\n<p>Pero al igual que sucedi\u00f3 en la capital, el alcalde de Chicago, Brandon Johnson, ha rechazado la idea, que lament\u00f3 que es parte de un plan para aumentar las redadas contra migrantes indocumentados en la ciudad.<\/p>\n\n\n\n<p>Reivindicaciones similares tuvieron lugar en otras partes de la geograf\u00eda estadounidense. En la capital, miles de miembros sindicales y trabajadores salieron a las calles para manifestarse contra Trump y su toma de la ciudad.<\/p>\n\n\n\n<p>En Los \u00c1ngeles, donde Trump despleg\u00f3 el pasado junio a miles de militares para detener unas protestas contra las redadas migratorias, las manifestaciones est\u00e1n convocadas para esta tarde.<\/p>\n\n\n\n<p>Las manifestaciones contra las redadas tambi\u00e9n est\u00e1n programadas en centenares de ciudades m\u00e1s peque\u00f1as.<\/p>\n\n\n\n<p>Estados Unidos vivi\u00f3 protestas similares contra Trump el pasado 4 de julio, D\u00eda de la Independencia, o el 14 de junio, d\u00eda del 250 aniversario del Ej\u00e9rcito estadounidense y que coincidi\u00f3 con su 79 cumplea\u00f1os, ante lo que organiz\u00f3 un vistoso desfile militar que recibi\u00f3 cr\u00edticas por proyectar \u201cuna imagen autocr\u00e1tica\u201d.<\/p>\n","protected":false},"excerpt":{"rendered":"<p>Miles de personas participan este lunes en m\u00e1s de mil protestas contra el presidente Trump;&#8230;<\/p>\n","protected":false},"author":1,"featured_media":734,"comment_status":"open","ping_status":"closed","sticky":false,"template":"","format":"standard","meta":{"footnotes":""},"categories":[15],"tags":[],"class_list":["post-733","post","type-post","status-publish","format-standard","has-post-thumbnail","hentry","category-internacional"],"_links":{"self":[{"href":"https:\/\/agridulcenoticias.com\/index.php\/wp-json\/wp\/v2\/posts\/733","targetHints":{"allow":["GET"]}}],"collection":[{"href":"https:\/\/agridulcenoticias.com\/index.php\/wp-json\/wp\/v2\/posts"}],"about":[{"href":"https:\/\/agridulcenoticias.com\/index.php\/wp-json\/wp\/v2\/types\/post"}],"author":[{"embeddable":true,"href":"https:\/\/agridulcenoticias.com\/index.php\/wp-json\/wp\/v2\/users\/1"}],"replies":[{"embeddable":true,"href":"https:\/\/agridulcenoticias.com\/index.php\/wp-json\/wp\/v2\/comments?post=733"}],"version-history":[{"count":0,"href":"https:\/\/agridulcenoticias.com\/index.php\/wp-json\/wp\/v2\/posts\/733\/revisions"}],"wp:featuredmedia":[{"embeddable":true,"href":"https:\/\/agridulcenoticias.com\/index.php\/wp-json\/wp\/v2\/media\/734"}],"wp:attachment":[{"href":"https:\/\/agridulcenoticias.com\/index.php\/wp-json\/wp\/v2\/media?parent=733"}],"wp:term":[{"taxonomy":"category","embeddable":true,"href":"https:\/\/agridulcenoticias.com\/index.php\/wp-json\/wp\/v2\/categories?post=733"},{"taxonomy":"post_tag","embeddable":true,"href":"https:\/\/agridulcenoticias.com\/index.php\/wp-json\/wp\/v2\/tags?post=733"}],"curies":[{"name":"wp","href":"https:\/\/api.w.org\/{rel}","templated":true}]}}