{"id":748,"date":"2025-09-02T09:20:00","date_gmt":"2025-09-02T15:20:00","guid":{"rendered":"https:\/\/radioomax.com\/?p=748"},"modified":"2025-09-02T09:20:00","modified_gmt":"2025-09-02T15:20:00","slug":"matan-a-nabor-hossein-guillen-subsecretario-de-bienestar-de-guerrero","status":"publish","type":"post","link":"https:\/\/agridulcenoticias.com\/index.php\/2025\/09\/02\/matan-a-nabor-hossein-guillen-subsecretario-de-bienestar-de-guerrero\/","title":{"rendered":"Matan a Nabor Hossein Guill\u00e9n, subsecretario de Bienestar de Guerrero"},"content":{"rendered":"\n<p><a><\/a>La Fiscal\u00eda del Estado de Guerrero inici\u00f3 una investigaci\u00f3n relacionada con estos hechos<\/p>\n\n\n\n<p>Este martes fue asesinado Nabor Hossein Guill\u00e9n, subsecretario de Bienestar del gobierno de Guerrero.<\/p>\n\n\n\n<p>De acuerdo con reportes, el funcionario sufri\u00f3 un ataque armado sobre la carretera federal Chipancingo\u2013Tlapa.<\/p>\n\n\n\n<p>La Fiscal\u00eda del Estado de Guerrero inform\u00f3 que ya inici\u00f3 una investigaci\u00f3n relacionada con estos hechos.<\/p>\n\n\n\n<p>Elementos de la Polic\u00eda Investigadora Ministerial (PIM) y peritos de la Coordinaci\u00f3n de Servicios Periciales se trasladaron a la escena del crimen para realizar el procesamiento de la escena.<\/p>\n\n\n\n<p>\u00bfQui\u00e9n fue Nabor Hossein Guill\u00e9n?<\/p>\n\n\n\n<p>Nabor Hossein Guill\u00e9n fue alcalde de Tixtla entre 2012 y 2015 con el Partido de la Revoluci\u00f3n Democr\u00e1tica (PRD).<\/p>\n\n\n\n<p>A partir de 2021 apoy\u00f3 las candidaturas de Morena para la gubernatura de Guerrero. Tras las elecciones se le nombr\u00f3 subsecretario de Bienestar.<\/p>\n","protected":false},"excerpt":{"rendered":"<p>La Fiscal\u00eda del Estado de Guerrero inici\u00f3 una investigaci\u00f3n relacionada con estos hechos Este martes&#8230;<\/p>\n","protected":false},"author":1,"featured_media":749,"comment_status":"open","ping_status":"closed","sticky":false,"template":"","format":"standard","meta":{"footnotes":""},"categories":[14],"tags":[],"class_list":["post-748","post","type-post","status-publish","format-standard","has-post-thumbnail","hentry","category-nacional"],"_links":{"self":[{"href":"https:\/\/agridulcenoticias.com\/index.php\/wp-json\/wp\/v2\/posts\/748","targetHints":{"allow":["GET"]}}],"collection":[{"href":"https:\/\/agridulcenoticias.com\/index.php\/wp-json\/wp\/v2\/posts"}],"about":[{"href":"https:\/\/agridulcenoticias.com\/index.php\/wp-json\/wp\/v2\/types\/post"}],"author":[{"embeddable":true,"href":"https:\/\/agridulcenoticias.com\/index.php\/wp-json\/wp\/v2\/users\/1"}],"replies":[{"embeddable":true,"href":"https:\/\/agridulcenoticias.com\/index.php\/wp-json\/wp\/v2\/comments?post=748"}],"version-history":[{"count":0,"href":"https:\/\/agridulcenoticias.com\/index.php\/wp-json\/wp\/v2\/posts\/748\/revisions"}],"wp:featuredmedia":[{"embeddable":true,"href":"https:\/\/agridulcenoticias.com\/index.php\/wp-json\/wp\/v2\/media\/749"}],"wp:attachment":[{"href":"https:\/\/agridulcenoticias.com\/index.php\/wp-json\/wp\/v2\/media?parent=748"}],"wp:term":[{"taxonomy":"category","embeddable":true,"href":"https:\/\/agridulcenoticias.com\/index.php\/wp-json\/wp\/v2\/categories?post=748"},{"taxonomy":"post_tag","embeddable":true,"href":"https:\/\/agridulcenoticias.com\/index.php\/wp-json\/wp\/v2\/tags?post=748"}],"curies":[{"name":"wp","href":"https:\/\/api.w.org\/{rel}","templated":true}]}}