{"id":767,"date":"2025-09-03T08:20:14","date_gmt":"2025-09-03T14:20:14","guid":{"rendered":"https:\/\/radioomax.com\/?p=767"},"modified":"2025-09-03T08:20:14","modified_gmt":"2025-09-03T14:20:14","slug":"erasmo-y-dunia-celebran-con-alegria-el-dia-del-abuelo","status":"publish","type":"post","link":"https:\/\/agridulcenoticias.com\/index.php\/2025\/09\/03\/erasmo-y-dunia-celebran-con-alegria-el-dia-del-abuelo\/","title":{"rendered":"Erasmo y Dunia celebran con alegr\u00eda el \u201cD\u00eda del Abuelo\u201d"},"content":{"rendered":"\n<p><a><\/a>Cd. Madero, Tamaulipas.- En un emotivo evento lleno de m\u00fasica y baile, se celebr\u00f3 un merecido homenaje por el \u201cD\u00eda del Abuelo\u201d, reconociendo a aquellos que han sido pilares esenciales en la familia; estos abuelitos han compartido su sabidur\u00eda, amor y experiencia, contribuyendo al presente de las familias maderenses. Durante la ceremonia, el presidente municipal Erasmo Gonz\u00e1lez Robledo y la presidenta del Sistema DIF Madero, Lic. Dunia Mar\u00f3n Acu\u00f1a, expresaron su gratitud a quienes, con amor, paciencia y ejemplo, han forjado los lazos familiares.<\/p>\n\n\n\n<p>El festejo reuni\u00f3 en la plaza Isauro Alfaro a cerca de 800 abuelitos maderenses, quienes disfrutaron de un ambiente de convivencia y alegr\u00eda al ritmo de la Internacional Orquesta Tampico. Erasmo Gonz\u00e1lez que abraz\u00f3 con gran cari\u00f1o a los festejados, dijo en su mensaje, \u201cVamos a darle un fuerte aplauso a Don Claudio Rosas, que desde arriba nos acompa\u00f1a, a su familia y a todos los m\u00fasicos que han mantenido vivo su legado. Que sea eterno el reconocimiento a esta gran Orquesta Internacional\u201d, expres\u00f3.<\/p>\n\n\n\n<p>Acompa\u00f1ado tambi\u00e9n por su mam\u00e1, do\u00f1a Meche, el alcalde destac\u00f3 que los abuelitos son un pilar fundamental en la vida familiar y social, refrendando el compromiso del Gobierno Municipal y el Sistema DIF de Ciudad Madero de impulsar pol\u00edticas y programas que representen bienestar, salud y espacios dignos para la convivencia, la recreaci\u00f3n y el deporte.<\/p>\n\n\n\n<p>Por su parte, la presidenta del DIF local, Lic. Dunia Mar\u00f3n Acu\u00f1a, reafirm\u00f3 el respaldo de la instituci\u00f3n a este sector de la poblaci\u00f3n, en el que vive la memoria de un Madero trabajador, solidario y lleno de valores. \u201cHoy nos reunimos para celebrar a quienes son un pilar en la vida de nuestras familias. Cada programa y acci\u00f3n que impulsamos tiene como prop\u00f3sito reconocerlos, acompa\u00f1arlos y brindarles espacios donde se sientan valorados y queridos\u201d, manifest\u00f3.<\/p>\n\n\n\n<p>En representaci\u00f3n de los adultos mayores, Adriana Hern\u00e1ndez Cervantes, integrante del Club Alegr\u00eda, agradeci\u00f3 el homenaje y resalt\u00f3 la importancia de seguir compartiendo amor y ense\u00f1anzas con las nuevas generaciones.<\/p>\n\n\n\n<p>\u201cSer abuelo es tener la oportunidad de amar de nuevo, sin prisa, con paciencia y ternura renovada. A veces nos dicen que somos el ba\u00fal de los abuelos de los recuerdos y quiz\u00e1s lo seamos, pero tambi\u00e9n somos fuente de historias, de consejos, de juegos y de abrazos que no se olvidan\u201d, coment\u00f3.<\/p>\n\n\n\n<p>En el evento estuvieron presentes la directora del DIF Madero, Nefertiti Constantino Mart\u00ednez; los diputados locales Adri\u00e1n Cruz Mart\u00ednez y Claudio de Leija Hinojosa; as\u00ed como Orlando Morales V\u00e1zquez, director general de Bienestar Social e Inclusi\u00f3n; y H\u00e9ctor Ortega L\u00f3pez, director del Adulto Mayor; entre otros invitados.<\/p>\n\n\n\n<p>Navegaci\u00f3n de entradas<\/p>\n","protected":false},"excerpt":{"rendered":"<p>Cd. Madero, Tamaulipas.- En un emotivo evento lleno de m\u00fasica y baile, se celebr\u00f3 un&#8230;<\/p>\n","protected":false},"author":1,"featured_media":768,"comment_status":"open","ping_status":"closed","sticky":false,"template":"","format":"standard","meta":{"footnotes":""},"categories":[3],"tags":[],"class_list":["post-767","post","type-post","status-publish","format-standard","has-post-thumbnail","hentry","category-madero"],"_links":{"self":[{"href":"https:\/\/agridulcenoticias.com\/index.php\/wp-json\/wp\/v2\/posts\/767","targetHints":{"allow":["GET"]}}],"collection":[{"href":"https:\/\/agridulcenoticias.com\/index.php\/wp-json\/wp\/v2\/posts"}],"about":[{"href":"https:\/\/agridulcenoticias.com\/index.php\/wp-json\/wp\/v2\/types\/post"}],"author":[{"embeddable":true,"href":"https:\/\/agridulcenoticias.com\/index.php\/wp-json\/wp\/v2\/users\/1"}],"replies":[{"embeddable":true,"href":"https:\/\/agridulcenoticias.com\/index.php\/wp-json\/wp\/v2\/comments?post=767"}],"version-history":[{"count":0,"href":"https:\/\/agridulcenoticias.com\/index.php\/wp-json\/wp\/v2\/posts\/767\/revisions"}],"wp:featuredmedia":[{"embeddable":true,"href":"https:\/\/agridulcenoticias.com\/index.php\/wp-json\/wp\/v2\/media\/768"}],"wp:attachment":[{"href":"https:\/\/agridulcenoticias.com\/index.php\/wp-json\/wp\/v2\/media?parent=767"}],"wp:term":[{"taxonomy":"category","embeddable":true,"href":"https:\/\/agridulcenoticias.com\/index.php\/wp-json\/wp\/v2\/categories?post=767"},{"taxonomy":"post_tag","embeddable":true,"href":"https:\/\/agridulcenoticias.com\/index.php\/wp-json\/wp\/v2\/tags?post=767"}],"curies":[{"name":"wp","href":"https:\/\/api.w.org\/{rel}","templated":true}]}}