{"id":773,"date":"2025-09-03T08:25:24","date_gmt":"2025-09-03T14:25:24","guid":{"rendered":"https:\/\/radioomax.com\/?p=773"},"modified":"2025-09-03T08:25:24","modified_gmt":"2025-09-03T14:25:24","slug":"tamaulipas-levanta-la-mano-a-la-transicion-energetica-invitan-al-encuentro-nacional-biocombustibles-y-sus-mezclas","status":"publish","type":"post","link":"https:\/\/agridulcenoticias.com\/index.php\/2025\/09\/03\/tamaulipas-levanta-la-mano-a-la-transicion-energetica-invitan-al-encuentro-nacional-biocombustibles-y-sus-mezclas\/","title":{"rendered":"Tamaulipas levanta la mano a la transici\u00f3n energ\u00e9tica; invitan al \u201cEncuentro Nacional Biocombustibles y sus Mezclas\u201d"},"content":{"rendered":"\n<p>Ciudad Victoria.\u2013 En conferencia de prensa, el secretario de Desarrollo Energ\u00e9tico, Walter Juli\u00e1n \u00c1ngel Jim\u00e9nez, present\u00f3 el \u201cEncuentro Nacional Biocombustibles y sus Mezclas\u201d, como una de las acciones del Gobierno del Estado en la transici\u00f3n energ\u00e9tica del pa\u00eds.<\/p>\n\n\n\n<p>Dicho evento est\u00e1 programado para celebrarse el 4 y 5 de septiembre en la Universidad Aut\u00f3noma de Tamaulipas, Campus Tampico, donde se abordar\u00e1n temas relacionados con proyectos asociados a los biocombustibles y c\u00f3mo se puede diversificar la matriz energ\u00e9tica del estado.<\/p>\n\n\n\n<p>En su intervenci\u00f3n, \u00c1ngel Jim\u00e9nez se\u00f1al\u00f3 que en el encuentro se discutir\u00e1n los biocombustibles s\u00f3lidos, l\u00edquidos y gaseosos, y c\u00f3mo desde la Secretar\u00eda de Desarrollo Energ\u00e9tico se trabaja en la producci\u00f3n de estos mismos para dar una alternativa a los productores de sorgo en el estado.<\/p>\n\n\n\n<p>Asimismo, el subsecretario de Inversi\u00f3n, Proyectos Estrat\u00e9gicos y Desarrollo Sostenible, \u00d3scar Xitec P\u00e9rez Contreras, indic\u00f3 que durante estos dos d\u00edas se analizar\u00e1 desde la visi\u00f3n global hasta las realidades locales, haciendo \u00e9nfasis en c\u00f3mo Tamaulipas y M\u00e9xico pueden aprovechar sus recursos, impulsar la innovaci\u00f3n y cumplir con los compromisos de sostenibilidad.<\/p>\n\n\n\n<p>\u201cEn Tamaulipas estamos listos para contribuir con seriedad y apertura, y con la convicci\u00f3n de que el futuro energ\u00e9tico de M\u00e9xico debe ser m\u00e1s limpio, m\u00e1s justo y m\u00e1s sostenible\u201d, coment\u00f3 P\u00e9rez Contreras.<\/p>\n\n\n\n<p>Adem\u00e1s, el director de Proyectos adscrito a la Subsecretar\u00eda de Hidrocarburos, Al\u00e1n Rosales Medina, a\u00f1adi\u00f3 que en Tamaulipas se generan aproximadamente dos millones de toneladas anuales de sorgo, y el proyecto de la SEDENER busca atender este tema social impulsando un proyecto estrat\u00e9gico para la construcci\u00f3n de una planta de biocombustibles.<\/p>\n","protected":false},"excerpt":{"rendered":"<p>Ciudad Victoria.\u2013 En conferencia de prensa, el secretario de Desarrollo Energ\u00e9tico, Walter Juli\u00e1n \u00c1ngel Jim\u00e9nez,&#8230;<\/p>\n","protected":false},"author":1,"featured_media":774,"comment_status":"open","ping_status":"closed","sticky":false,"template":"","format":"standard","meta":{"footnotes":""},"categories":[5],"tags":[],"class_list":["post-773","post","type-post","status-publish","format-standard","has-post-thumbnail","hentry","category-tamaulipas"],"_links":{"self":[{"href":"https:\/\/agridulcenoticias.com\/index.php\/wp-json\/wp\/v2\/posts\/773","targetHints":{"allow":["GET"]}}],"collection":[{"href":"https:\/\/agridulcenoticias.com\/index.php\/wp-json\/wp\/v2\/posts"}],"about":[{"href":"https:\/\/agridulcenoticias.com\/index.php\/wp-json\/wp\/v2\/types\/post"}],"author":[{"embeddable":true,"href":"https:\/\/agridulcenoticias.com\/index.php\/wp-json\/wp\/v2\/users\/1"}],"replies":[{"embeddable":true,"href":"https:\/\/agridulcenoticias.com\/index.php\/wp-json\/wp\/v2\/comments?post=773"}],"version-history":[{"count":0,"href":"https:\/\/agridulcenoticias.com\/index.php\/wp-json\/wp\/v2\/posts\/773\/revisions"}],"wp:featuredmedia":[{"embeddable":true,"href":"https:\/\/agridulcenoticias.com\/index.php\/wp-json\/wp\/v2\/media\/774"}],"wp:attachment":[{"href":"https:\/\/agridulcenoticias.com\/index.php\/wp-json\/wp\/v2\/media?parent=773"}],"wp:term":[{"taxonomy":"category","embeddable":true,"href":"https:\/\/agridulcenoticias.com\/index.php\/wp-json\/wp\/v2\/categories?post=773"},{"taxonomy":"post_tag","embeddable":true,"href":"https:\/\/agridulcenoticias.com\/index.php\/wp-json\/wp\/v2\/tags?post=773"}],"curies":[{"name":"wp","href":"https:\/\/api.w.org\/{rel}","templated":true}]}}