{"id":779,"date":"2025-09-03T08:30:38","date_gmt":"2025-09-03T14:30:38","guid":{"rendered":"https:\/\/radioomax.com\/?p=779"},"modified":"2025-09-03T08:30:38","modified_gmt":"2025-09-03T14:30:38","slug":"agentes-custodian-el-funeral-de-hossein-nabor-asesinado-en-guerrero","status":"publish","type":"post","link":"https:\/\/agridulcenoticias.com\/index.php\/2025\/09\/03\/agentes-custodian-el-funeral-de-hossein-nabor-asesinado-en-guerrero\/","title":{"rendered":"Agentes custodian el funeral de Hossein Nabor, asesinado en Guerrero"},"content":{"rendered":"\n<p><a><\/a>Con fuerte seguridad, el f\u00e9retro de Hossein Nabor Guill\u00e9n, subsecretario de Bienestar de Guerrero, fue llevado a Tixtla tras su asesinato<\/p>\n\n\n\n<p>En medio de un fuerte operativo de seguridad, el f\u00e9retro del subsecretario de Pol\u00edtica Social de la Secretar\u00eda de Bienestar del Estado de Guerrero, Hossein Nabor Guill\u00e9n, fue trasladado este mi\u00e9rcoles a su natal Tixtla, donde fue asesinado la tarde-noche del martes.<\/p>\n\n\n\n<p>Luego del ataque registrado cerca de sus oficinas y a unos 300 metros del m\u00f3dulo de seguridad p\u00fablica municipal, la Fiscal\u00eda General del Estado (FGE) inform\u00f3 que se encuentra realizando la investigaci\u00f3n sobre el homicidio del funcionario, cercano a la gobernadora Salgado, del oficialista Movimiento de Regeneraci\u00f3n Nacional (Morena).<\/p>\n\n\n\n<p>El funeral se llev\u00f3 a cabo en la capital, Chilpancingo, con vigilancia de la Polic\u00eda Estatal y la Guardia Nacional, que tambi\u00e9n acompa\u00f1\u00f3 el cortejo hasta Tixtla, en donde fue sepultado en el pante\u00f3n del municipio que gobern\u00f3 como alcalde de 2016 a 2018.<\/p>\n\n\n\n<p>Leer tambi\u00e9n: La industria del calzado celebra la imposici\u00f3n de cuotas contra productos chinos<\/p>\n\n\n\n<p>Adem\u00e1s, familiares, amigos y compa\u00f1eros exigieron justicia y castigo a los responsables del asesinato, adem\u00e1s pidieron a las autoridades agilizar las investigaciones.<\/p>\n\n\n\n<p>El subsecretario General de Gobierno, Francisco Rodr\u00edguez Cisneros, declar\u00f3 en el funeral que los integrantes del gabinete continuar\u00e1n su trabajo de manera normal, sin seguridad.<\/p>\n\n\n\n<p>Dijo que no ten\u00edan conocimiento de que Nabor Guillen tuviera amenazas de muerte, pero que las investigaciones las lleva la FGE.<\/p>\n\n\n\n<p>El funcionario indic\u00f3 que el asesinato es un \u201cgolpe fuerte\u201d para el gobierno que encabeza la gobernadora del estado de Guerrero, Evelyn Salgado, no solo por ser el primero contra un funcionario de alto nivel, sino porque fue contra un amigo, compa\u00f1ero de movimiento y equipo pol\u00edtico.<\/p>\n\n\n\n<p>\u201cNo solo era un compa\u00f1ero de gabinete, era nuestro amigo y compa\u00f1ero del movimiento, compartimos diferentes momentos de la vida pol\u00edtica y vamos a estar pendientes de las investigaciones\u201d, dijo Rodr\u00edguez.<\/p>\n\n\n\n<p>De acuerdo con medios locales, el ataque ocurri\u00f3 mientras Nabor Guill\u00e9n circulaba sobre la carretera Chilpancingo-Tixtla.<\/p>\n\n\n\n<p>\u201cTras recibir el reporte, elementos de la Polic\u00eda Investigadora Ministerial (PIM) y peritos de la Coordinaci\u00f3n de los Servicios Periciales se trasladaron de inmediato al lugar para realizar el procesamiento del sitio, as\u00ed como el levantamiento y an\u00e1lisis de indicios que permitan esclarecer lo ocurrido e identificar a \u00e9l o los probables responsables\u201d, apunt\u00f3 la Fiscal\u00eda.<\/p>\n\n\n\n<p>Hossein Nabor fue alcalde de Tixtla con la coalici\u00f3n PRD-PAN-PT en la elecci\u00f3n extraordinaria de 2016, ya que la constitucional fue suspendida por protestas por la desaparici\u00f3n de los 43 estudiantes de la Normal Rural de Ayotzinapa, ocurrida el 26 y 27 de septiembre de 2014 en Iguala.<\/p>\n\n\n\n<p>En ese entonces pertenec\u00eda al grupo pol\u00edtico del exgobernador \u00c1ngel Aguirre Rivero; en 2019 se afili\u00f3 al partido Morena, partido por el que compiti\u00f3 a la diputaci\u00f3n local de su municipio en 2024. En esa campa\u00f1a se filtr\u00f3 una fotograf\u00eda con Celso Ortega Jim\u00e9nez, quien es identificado por el gobierno federal como l\u00edder del grupo Los Ardillos, que opera en la regi\u00f3n.<\/p>\n\n\n\n<p>Esa elecci\u00f3n la perdi\u00f3 con Jorge Iv\u00e1n Ortega Jim\u00e9nez, hijo del tres veces diputado Bernardo Ortega Jim\u00e9nez, hermano de Celso Ortega. A principios de 2025 se hab\u00eda reincorporado a la Secretar\u00eda de Bienestar.<\/p>\n","protected":false},"excerpt":{"rendered":"<p>Con fuerte seguridad, el f\u00e9retro de Hossein Nabor Guill\u00e9n, subsecretario de Bienestar de Guerrero, fue&#8230;<\/p>\n","protected":false},"author":1,"featured_media":780,"comment_status":"open","ping_status":"closed","sticky":false,"template":"","format":"standard","meta":{"footnotes":""},"categories":[14],"tags":[],"class_list":["post-779","post","type-post","status-publish","format-standard","has-post-thumbnail","hentry","category-nacional"],"_links":{"self":[{"href":"https:\/\/agridulcenoticias.com\/index.php\/wp-json\/wp\/v2\/posts\/779","targetHints":{"allow":["GET"]}}],"collection":[{"href":"https:\/\/agridulcenoticias.com\/index.php\/wp-json\/wp\/v2\/posts"}],"about":[{"href":"https:\/\/agridulcenoticias.com\/index.php\/wp-json\/wp\/v2\/types\/post"}],"author":[{"embeddable":true,"href":"https:\/\/agridulcenoticias.com\/index.php\/wp-json\/wp\/v2\/users\/1"}],"replies":[{"embeddable":true,"href":"https:\/\/agridulcenoticias.com\/index.php\/wp-json\/wp\/v2\/comments?post=779"}],"version-history":[{"count":0,"href":"https:\/\/agridulcenoticias.com\/index.php\/wp-json\/wp\/v2\/posts\/779\/revisions"}],"wp:featuredmedia":[{"embeddable":true,"href":"https:\/\/agridulcenoticias.com\/index.php\/wp-json\/wp\/v2\/media\/780"}],"wp:attachment":[{"href":"https:\/\/agridulcenoticias.com\/index.php\/wp-json\/wp\/v2\/media?parent=779"}],"wp:term":[{"taxonomy":"category","embeddable":true,"href":"https:\/\/agridulcenoticias.com\/index.php\/wp-json\/wp\/v2\/categories?post=779"},{"taxonomy":"post_tag","embeddable":true,"href":"https:\/\/agridulcenoticias.com\/index.php\/wp-json\/wp\/v2\/tags?post=779"}],"curies":[{"name":"wp","href":"https:\/\/api.w.org\/{rel}","templated":true}]}}