{"id":782,"date":"2025-09-03T08:33:34","date_gmt":"2025-09-03T14:33:34","guid":{"rendered":"https:\/\/radioomax.com\/?p=782"},"modified":"2025-09-03T08:33:34","modified_gmt":"2025-09-03T14:33:34","slug":"se-activa-el-plan-marina-ante-el-paso-del-huracan-lorena","status":"publish","type":"post","link":"https:\/\/agridulcenoticias.com\/index.php\/2025\/09\/03\/se-activa-el-plan-marina-ante-el-paso-del-huracan-lorena\/","title":{"rendered":"Se activa el Plan Marina ante el paso del hurac\u00e1n \u201cLorena\u201d"},"content":{"rendered":"\n<p><a><\/a>El hurac\u00e1n \u201cLorena\u201d podr\u00eda provocar cielos nublados, chubascos, tormentas el\u00e9ctricas y una reducci\u00f3n de la visibilidad en el sur de la Pen\u00ednsula de Baja California, Sinaloa, Nayarit, las Islas Mar\u00edas y Jalisco<\/p>\n\n\n\n<p>La Secretar\u00eda de Marina (Semar), a trav\u00e9s de la Armada de M\u00e9xico, activ\u00f3 el Plan Marina en su fase de prevenci\u00f3n en los estados de Baja California, Sonora, Baja California Sur, Sinaloa y Nayarit con el objetivo de brindar auxilio a la poblaci\u00f3n que pueda resultar afectada por el hurac\u00e1n \u201cLorena\u201c.<\/p>\n\n\n\n<p>Actualmente el hurac\u00e1n \u201cLorena\u201d es de categor\u00eda uno y se encuentra 180 kil\u00f3metros al sur-suroeste de Cabo San L\u00e1zaro, Baja California Sur. Se desplaza hacia el noroeste, lo que podr\u00eda provocar cielos nublados, chubascos, tormentas el\u00e9ctricas y una reducci\u00f3n de la visibilidad en el sur de la Pen\u00ednsula de Baja California, Sinaloa, Nayarit, las Islas Mar\u00edas y Jalisco.<\/p>\n\n\n\n<p>As\u00ed se aplic\u00f3 el Plan Marina<\/p>\n\n\n\n<p>La Segunda Regi\u00f3n Naval de Guaymas, Sonora, cuenta con un equipo de 4 mil 596 efectivos y una Brigada de Reacci\u00f3n a Emergencias conformada por 127 elementos. El despliegue incluye 139 veh\u00edculos, ocho buques, nueve embarcaciones y 168 equipos especializados, entre los que destacan tres cocinas m\u00f3viles y tres plantas potabilizadoras de agua.<\/p>\n\n\n\n<p>Por su parte, la Cuarta Regi\u00f3n Naval, con sede en Mazatl\u00e1n, Sinaloa, ha movilizado a 3 mil 543 efectivos y una Brigada de Reacci\u00f3n a Emergencias con 119 elementos. Este equipo dispone de 95 veh\u00edculos, 42 embarcaciones y 99 equipos especializados, incluyendo tres cocinas m\u00f3viles y nueve plantas potabilizadoras de agua, para realizar tareas de evacuaci\u00f3n y salvaguarda.<\/p>\n\n\n\n<p>Ambos mandos navales coordinan acciones con las autoridades de Protecci\u00f3n Civil, la comunidad mar\u00edtima y la poblaci\u00f3n. Estas tareas incluyen la difusi\u00f3n de informaci\u00f3n, la distribuci\u00f3n de folletos y la supervisi\u00f3n de albergues y refugios.<\/p>\n\n\n\n<p>Las Estaciones Navales de B\u00fasqueda, Rescate y Vigilancia Mar\u00edtima (ENSARES) tambi\u00e9n se mantienen en alerta para coordinarse con las autoridades de Protecci\u00f3n Civil en las entidades mencionadas.<\/p>\n\n\n\n<p>\u00bfQu\u00e9 hacer ante el paso de \u201cLorena\u201d?<\/p>\n\n\n\n<p>La Semar recomienda a la poblaci\u00f3n y a la comunidad mar\u00edtima mantenerse informados y seguir las indicaciones de la propia Secretar\u00eda, as\u00ed como de Protecci\u00f3n Civil y las autoridades estatales y locales. Se insta a los ciudadanos a atender los avisos emitidos por las Capitan\u00edas de Puerto para evitar riesgos a sus instalaciones, embarcaciones y a la vida humana en el mar.<\/p>\n\n\n\n<p>Para m\u00e1s detalles sobre las condiciones meteorol\u00f3gicas, se puede consultar la p\u00e1gina oficial de la Semar: <a href=\"https:\/\/meteorologia.semar.gob.mx\/?fbclid=IwZXh0bgNhZW0CMTAAYnJpZBExY3llTGxkMVpWTHpnZDYzSwEePilcQ1Ln_H2RAv7rnoWtl-HLr0f0t9_eiOENkwTJPmFN0IwDhCkklATUeRQ_aem_XrG0FEEMW8-MLn3c1V4Kag\" rel=\"noreferrer noopener\" target=\"_blank\">https:\/\/meteorologia.semar.gob.mx.<\/a><\/p>\n","protected":false},"excerpt":{"rendered":"<p>El hurac\u00e1n \u201cLorena\u201d podr\u00eda provocar cielos nublados, chubascos, tormentas el\u00e9ctricas y una reducci\u00f3n de la&#8230;<\/p>\n","protected":false},"author":1,"featured_media":783,"comment_status":"open","ping_status":"closed","sticky":false,"template":"","format":"standard","meta":{"footnotes":""},"categories":[14],"tags":[],"class_list":["post-782","post","type-post","status-publish","format-standard","has-post-thumbnail","hentry","category-nacional"],"_links":{"self":[{"href":"https:\/\/agridulcenoticias.com\/index.php\/wp-json\/wp\/v2\/posts\/782","targetHints":{"allow":["GET"]}}],"collection":[{"href":"https:\/\/agridulcenoticias.com\/index.php\/wp-json\/wp\/v2\/posts"}],"about":[{"href":"https:\/\/agridulcenoticias.com\/index.php\/wp-json\/wp\/v2\/types\/post"}],"author":[{"embeddable":true,"href":"https:\/\/agridulcenoticias.com\/index.php\/wp-json\/wp\/v2\/users\/1"}],"replies":[{"embeddable":true,"href":"https:\/\/agridulcenoticias.com\/index.php\/wp-json\/wp\/v2\/comments?post=782"}],"version-history":[{"count":0,"href":"https:\/\/agridulcenoticias.com\/index.php\/wp-json\/wp\/v2\/posts\/782\/revisions"}],"wp:featuredmedia":[{"embeddable":true,"href":"https:\/\/agridulcenoticias.com\/index.php\/wp-json\/wp\/v2\/media\/783"}],"wp:attachment":[{"href":"https:\/\/agridulcenoticias.com\/index.php\/wp-json\/wp\/v2\/media?parent=782"}],"wp:term":[{"taxonomy":"category","embeddable":true,"href":"https:\/\/agridulcenoticias.com\/index.php\/wp-json\/wp\/v2\/categories?post=782"},{"taxonomy":"post_tag","embeddable":true,"href":"https:\/\/agridulcenoticias.com\/index.php\/wp-json\/wp\/v2\/tags?post=782"}],"curies":[{"name":"wp","href":"https:\/\/api.w.org\/{rel}","templated":true}]}}