{"id":825,"date":"2025-09-05T13:34:52","date_gmt":"2025-09-05T19:34:52","guid":{"rendered":"https:\/\/radioomax.com\/?p=825"},"modified":"2025-09-05T13:34:52","modified_gmt":"2025-09-05T19:34:52","slug":"impulsa-dif-tamaulipas-proyectos-ecologicos-en-llera","status":"publish","type":"post","link":"https:\/\/agridulcenoticias.com\/index.php\/2025\/09\/05\/impulsa-dif-tamaulipas-proyectos-ecologicos-en-llera\/","title":{"rendered":"Impulsa DIF Tamaulipas proyectos ecol\u00f3gicos en Llera"},"content":{"rendered":"\n<p>Elevar el bienestar en comunidades rurales<\/p>\n\n\n\n<p>LLERA, TAMPS. Para favorecer un entorno saludable y seguro en las comunidades rurales del estado, el Sistema para el Desarrollo Integral de la Familia de Tamaulipas, presidido por la doctora Mar\u00eda de Villarreal, llev\u00f3 a cabo la instalaci\u00f3n de 30 ba\u00f1os secos ecol\u00f3gicos en el ejido San Pedro de la Colina, en el municipio de Llera de Canales, beneficiando a 80 personas pertenecientes a 30 familias de esa localidad.<\/p>\n\n\n\n<p>La entrega e instalaci\u00f3n de estos ba\u00f1os forman parte del programa \u2018Salud y Bienestar Comunitario\u2019 del DIF Estatal. Su implementaci\u00f3n contribuye a mejorar la calidad de vida de las familias, a la par de fomentar el cuidado del medio ambiente y fortalecer las condiciones de salud en las comunidades.<\/p>\n\n\n\n<p>Este proyecto representa una alternativa sostenible que responde a las necesidades de las zonas rurales, al tiempo que fortalece la salud p\u00fablica desde lo m\u00e1s elemental. Adem\u00e1s, mejora las condiciones del entorno natural y fomenta la participaci\u00f3n activa de las y los pobladores, quienes colaboraron con mano de obra en su realizaci\u00f3n.<\/p>\n\n\n\n<p>A la fecha, el Sistema DIF Tamaulipas ha instalado 233 ba\u00f1os secos ecol\u00f3gicos en diversas comunidades rurales del estado, los cuales se suman a otras acciones impulsadas por los Mensajeros de Paz, como la instalaci\u00f3n de sistemas fotovoltaicos con celdas solares y estufas ecol\u00f3gicas.<\/p>\n\n\n\n<p>Estas iniciativas han contribuido a proteger el medio ambiente y a brindar a las familias de los municipios beneficiados una forma de vida m\u00e1s sana y feliz.<\/p>\n","protected":false},"excerpt":{"rendered":"<p>Elevar el bienestar en comunidades rurales LLERA, TAMPS. Para favorecer un entorno saludable y seguro&#8230;<\/p>\n","protected":false},"author":1,"featured_media":0,"comment_status":"open","ping_status":"closed","sticky":false,"template":"","format":"standard","meta":{"footnotes":""},"categories":[5],"tags":[],"class_list":["post-825","post","type-post","status-publish","format-standard","hentry","category-tamaulipas"],"_links":{"self":[{"href":"https:\/\/agridulcenoticias.com\/index.php\/wp-json\/wp\/v2\/posts\/825","targetHints":{"allow":["GET"]}}],"collection":[{"href":"https:\/\/agridulcenoticias.com\/index.php\/wp-json\/wp\/v2\/posts"}],"about":[{"href":"https:\/\/agridulcenoticias.com\/index.php\/wp-json\/wp\/v2\/types\/post"}],"author":[{"embeddable":true,"href":"https:\/\/agridulcenoticias.com\/index.php\/wp-json\/wp\/v2\/users\/1"}],"replies":[{"embeddable":true,"href":"https:\/\/agridulcenoticias.com\/index.php\/wp-json\/wp\/v2\/comments?post=825"}],"version-history":[{"count":0,"href":"https:\/\/agridulcenoticias.com\/index.php\/wp-json\/wp\/v2\/posts\/825\/revisions"}],"wp:attachment":[{"href":"https:\/\/agridulcenoticias.com\/index.php\/wp-json\/wp\/v2\/media?parent=825"}],"wp:term":[{"taxonomy":"category","embeddable":true,"href":"https:\/\/agridulcenoticias.com\/index.php\/wp-json\/wp\/v2\/categories?post=825"},{"taxonomy":"post_tag","embeddable":true,"href":"https:\/\/agridulcenoticias.com\/index.php\/wp-json\/wp\/v2\/tags?post=825"}],"curies":[{"name":"wp","href":"https:\/\/api.w.org\/{rel}","templated":true}]}}