{"id":833,"date":"2025-09-05T00:20:21","date_gmt":"2025-09-05T06:20:21","guid":{"rendered":"https:\/\/radioomax.com\/?p=833"},"modified":"2025-09-05T00:20:21","modified_gmt":"2025-09-05T06:20:21","slug":"confirman-presencia-de-54-jaguares-en-selvas-de-tamaulipas","status":"publish","type":"post","link":"https:\/\/agridulcenoticias.com\/index.php\/2025\/09\/05\/confirman-presencia-de-54-jaguares-en-selvas-de-tamaulipas\/","title":{"rendered":"Confirman presencia de 54 jaguares en selvas de Tamaulipas"},"content":{"rendered":"\n<p>CIUDAD VICTORIA, TAMPS. En la Reserva de la Bi\u00f3sfera El Cielo se ha logrado la identificaci\u00f3n m\u00e1s amplia, ya que se han detectado al menos \u201854 jaguares distintos\u2019, se\u00f1alaron investigadores, quienes precisaron que 16 de ellos fueron equipados con collares GPS para dar seguimiento a sus movimientos.<\/p>\n\n\n\n<p>Los registros tambi\u00e9n abarcan municipios como Aldama, Llera y Soto La Marina. Ah\u00ed, redes de fototrampeo instaladas por la Comisi\u00f3n de Parques y Biodiversidad de Tamaulipas han permitido constatar la presencia de la especie en zonas de dif\u00edcil acceso.<\/p>\n\n\n\n<p>En la Sierra de Tamaulipas, entre 2017 y 2019, se document\u00f3 la existencia de ocho ejemplares mediante esfuerzos de monitoreo comunitario. Estos resultados confirmaron los hallazgos previos de 2016, cuando se identificaron seis jaguares mediante tecnolog\u00eda satelital.<\/p>\n\n\n\n<p>De acuerdo con especialistas, las hembras con cr\u00edas han sido avistadas en distintos periodos, lo que demuestra que la poblaci\u00f3n, aunque limitada, conserva capacidad reproductiva. Este dato es clave para evaluar la viabilidad del jaguar en el noreste de M\u00e9xico.<\/p>\n\n\n\n<p>\u201cEn las zonas selv\u00e1ticas de Tamaulipas a\u00fan habita el jaguar, uno de los felinos m\u00e1s emblem\u00e1ticos y en peligro de extinci\u00f3n en M\u00e9xico\u201d, coincidieron investigadores al subrayar la relevancia de la conservaci\u00f3n.<\/p>\n\n\n\n<p>La informaci\u00f3n disponible, si bien fragmentada, ha permitido estimar que en el estado podr\u00edan vivir varias decenas de ejemplares, en su mayor\u00eda dentro de \u00e1reas protegidas. Estos c\u00e1lculos se apoyan en datos recabados con fototrampeo y sistemas de rastreo satelital.<\/p>\n\n\n\n<p>Los expertos advierten que las amenazas persisten. La deforestaci\u00f3n, la cacer\u00eda furtiva y la reducci\u00f3n de su h\u00e1bitat ponen en riesgo a la especie, por lo que enfatizan la necesidad de fortalecer la protecci\u00f3n de los ecosistemas donde a\u00fan se mantiene.<\/p>\n","protected":false},"excerpt":{"rendered":"<p>CIUDAD VICTORIA, TAMPS. En la Reserva de la Bi\u00f3sfera El Cielo se ha logrado la&#8230;<\/p>\n","protected":false},"author":1,"featured_media":834,"comment_status":"open","ping_status":"closed","sticky":false,"template":"","format":"standard","meta":{"footnotes":""},"categories":[5],"tags":[],"class_list":["post-833","post","type-post","status-publish","format-standard","has-post-thumbnail","hentry","category-tamaulipas"],"_links":{"self":[{"href":"https:\/\/agridulcenoticias.com\/index.php\/wp-json\/wp\/v2\/posts\/833","targetHints":{"allow":["GET"]}}],"collection":[{"href":"https:\/\/agridulcenoticias.com\/index.php\/wp-json\/wp\/v2\/posts"}],"about":[{"href":"https:\/\/agridulcenoticias.com\/index.php\/wp-json\/wp\/v2\/types\/post"}],"author":[{"embeddable":true,"href":"https:\/\/agridulcenoticias.com\/index.php\/wp-json\/wp\/v2\/users\/1"}],"replies":[{"embeddable":true,"href":"https:\/\/agridulcenoticias.com\/index.php\/wp-json\/wp\/v2\/comments?post=833"}],"version-history":[{"count":0,"href":"https:\/\/agridulcenoticias.com\/index.php\/wp-json\/wp\/v2\/posts\/833\/revisions"}],"wp:featuredmedia":[{"embeddable":true,"href":"https:\/\/agridulcenoticias.com\/index.php\/wp-json\/wp\/v2\/media\/834"}],"wp:attachment":[{"href":"https:\/\/agridulcenoticias.com\/index.php\/wp-json\/wp\/v2\/media?parent=833"}],"wp:term":[{"taxonomy":"category","embeddable":true,"href":"https:\/\/agridulcenoticias.com\/index.php\/wp-json\/wp\/v2\/categories?post=833"},{"taxonomy":"post_tag","embeddable":true,"href":"https:\/\/agridulcenoticias.com\/index.php\/wp-json\/wp\/v2\/tags?post=833"}],"curies":[{"name":"wp","href":"https:\/\/api.w.org\/{rel}","templated":true}]}}