{"id":839,"date":"2025-09-05T12:36:00","date_gmt":"2025-09-05T18:36:00","guid":{"rendered":"https:\/\/radioomax.com\/?p=839"},"modified":"2025-09-05T12:36:00","modified_gmt":"2025-09-05T18:36:00","slug":"entrega-sedener-lineas-de-trabajo-a-us-grains-para-el-desarrollo-de-biocombustibles-en-tamaulipas","status":"publish","type":"post","link":"https:\/\/agridulcenoticias.com\/index.php\/2025\/09\/05\/entrega-sedener-lineas-de-trabajo-a-us-grains-para-el-desarrollo-de-biocombustibles-en-tamaulipas\/","title":{"rendered":"Entrega SEDENER l\u00edneas de trabajo a US Grains para el desarrollo de biocombustibles en Tamaulipas"},"content":{"rendered":"\n<p>Tampico, Tamaulipas.- En el marco del segundo d\u00eda de actividades del \u201cEncuentro Nacional Biocombustibles y sus Mezclas\u201d, la Secretar\u00eda de Desarrollo Energ\u00e9tico (SEDENER), formaliz\u00f3 nuevas l\u00edneas de trabajo con la organizaci\u00f3n US Grains Council para avanzar en el desarrollo de biocombustibles, etanol y combustibles sostenibles para la aviaci\u00f3n en el estado.<\/p>\n\n\n\n<p>En este acto particip\u00f3 el secretario de Desarrollo Energ\u00e9tico, Walter Juli\u00e1n \u00c1ngel Jim\u00e9nez, el cual record\u00f3 que el pasado 28 de mayo se firm\u00f3 un memorando de entendimiento entre US Grains, y agradeci\u00f3 a Galo Galeana Herrera, representante en M\u00e9xico de esta empresa, su participaci\u00f3n para seguir estrechando lazos y trabajar en conjunto en beneficio de las y los tamaulipecos.<\/p>\n\n\n\n<p>\u00c1ngel Jim\u00e9nez, hizo entrega del documento que incluye las l\u00edneas de trabajo solicitadas por el Gobierno del Estado, orientadas a la construcci\u00f3n del marco regulatorio, as\u00ed como al desarrollo de proyectos, an\u00e1lisis t\u00e9cnicos y estudios econ\u00f3micos sobre el ciclo del etanol.<\/p>\n\n\n\n<p>\u201cEste acto formaliza el inicio de una relaci\u00f3n de cooperaci\u00f3n que permitir\u00e1 sentar las bases para proyectos estrat\u00e9gicos, como el que ayer anunciamos: el inicio de los trabajos para la construcci\u00f3n de una planta de etanol y SAF en Tamaulipas\u201d, se\u00f1al\u00f3 Walter Juli\u00e1n.<\/p>\n\n\n\n<p>Por su parte, el representante de US Grains en M\u00e9xico destac\u00f3 el compromiso del Gobierno de Tamaulipas en la implementaci\u00f3n de proyectos de producci\u00f3n de biocombustibles, calificando al estado como un ejemplo a nivel nacional.<\/p>\n\n\n\n<p>\u201cPara nosotros es un privilegio trabajar con un gobierno que ha dado muestras muy claras de su deseo de impulsar la producci\u00f3n, como posiblemente ning\u00fan otro estado en la Rep\u00fablica. Es un orgullo acompa\u00f1arlos y sumarnos con todas las acciones necesarias para que este proceso avance con la rapidez que se requiere\u201d, afirm\u00f3.<\/p>\n","protected":false},"excerpt":{"rendered":"<p>Tampico, Tamaulipas.- En el marco del segundo d\u00eda de actividades del \u201cEncuentro Nacional Biocombustibles y&#8230;<\/p>\n","protected":false},"author":1,"featured_media":840,"comment_status":"open","ping_status":"closed","sticky":false,"template":"","format":"standard","meta":{"footnotes":""},"categories":[5],"tags":[],"class_list":["post-839","post","type-post","status-publish","format-standard","has-post-thumbnail","hentry","category-tamaulipas"],"_links":{"self":[{"href":"https:\/\/agridulcenoticias.com\/index.php\/wp-json\/wp\/v2\/posts\/839","targetHints":{"allow":["GET"]}}],"collection":[{"href":"https:\/\/agridulcenoticias.com\/index.php\/wp-json\/wp\/v2\/posts"}],"about":[{"href":"https:\/\/agridulcenoticias.com\/index.php\/wp-json\/wp\/v2\/types\/post"}],"author":[{"embeddable":true,"href":"https:\/\/agridulcenoticias.com\/index.php\/wp-json\/wp\/v2\/users\/1"}],"replies":[{"embeddable":true,"href":"https:\/\/agridulcenoticias.com\/index.php\/wp-json\/wp\/v2\/comments?post=839"}],"version-history":[{"count":0,"href":"https:\/\/agridulcenoticias.com\/index.php\/wp-json\/wp\/v2\/posts\/839\/revisions"}],"wp:featuredmedia":[{"embeddable":true,"href":"https:\/\/agridulcenoticias.com\/index.php\/wp-json\/wp\/v2\/media\/840"}],"wp:attachment":[{"href":"https:\/\/agridulcenoticias.com\/index.php\/wp-json\/wp\/v2\/media?parent=839"}],"wp:term":[{"taxonomy":"category","embeddable":true,"href":"https:\/\/agridulcenoticias.com\/index.php\/wp-json\/wp\/v2\/categories?post=839"},{"taxonomy":"post_tag","embeddable":true,"href":"https:\/\/agridulcenoticias.com\/index.php\/wp-json\/wp\/v2\/tags?post=839"}],"curies":[{"name":"wp","href":"https:\/\/api.w.org\/{rel}","templated":true}]}}