{"id":851,"date":"2025-09-06T13:09:00","date_gmt":"2025-09-06T19:09:00","guid":{"rendered":"https:\/\/radioomax.com\/?p=851"},"modified":"2025-09-06T13:09:00","modified_gmt":"2025-09-06T19:09:00","slug":"capturan-al-mas-alto-cargo-naval-de-la-historia-en-mexico-el-vicealmirante-manuel-roberto-farias-laguna","status":"publish","type":"post","link":"https:\/\/agridulcenoticias.com\/index.php\/2025\/09\/06\/capturan-al-mas-alto-cargo-naval-de-la-historia-en-mexico-el-vicealmirante-manuel-roberto-farias-laguna\/","title":{"rendered":"Capturan al m\u00e1s alto cargo naval de la historia en M\u00e9xico, el vicealmirante Manuel Roberto Far\u00edas Laguna"},"content":{"rendered":"\n<p>El vicealmirante Manuel Roberto Far\u00edas Laguna es sobrino pol\u00edtico del almirante Rafael Ojeda, quien fuera secretario de Marina en la administraci\u00f3n de Andr\u00e9s Manuel L\u00f3pez Obrador<\/p>\n\n\n\n<p>Fue detenido el vicealmirante Manuel Roberto Far\u00edas Laguna en Puerto Vallarta, Jalisco, el martes 2 de septiembre. Est\u00e1 vinculado al tr\u00e1fico ilegal de combustible y corrupci\u00f3n.<\/p>\n\n\n\n<p>De acuerdo con el peri\u00f3dico Reforma, el vicealmirante Manuel Roberto Far\u00edas Laguna es sobrino pol\u00edtico del almirante Rafael Ojeda, quien fuera secretario de Marina en la administraci\u00f3n de Andr\u00e9s Manuel L\u00f3pez Obrador.<\/p>\n\n\n\n<p>Se trata del m\u00e1s alto cargo naval que jam\u00e1s se hayan detenido por corrupci\u00f3n.<\/p>\n\n\n\n<p>Las denuncias contra el vicealmirante Manuel Roberto Far\u00edas Laguna datan del sexenio de L\u00f3pez Obrador.<\/p>\n\n\n\n<p>El vicealmirante Manuel Roberto Far\u00edas Laguna fue comandante de la doceava zona naval con sede en Puerto Vallarta, Jalisco.<\/p>\n\n\n\n<p>Leer tambi\u00e9n: Migrantes en Chiapas enfrentan graves problemas de salud<\/p>\n\n\n\n<p>Tambi\u00e9n se desempe\u00f1\u00f3 como subjefe de Servicios en el Centro de Estudios Superiores Navales.<\/p>\n\n\n\n<p>Fue secretario particular del almirante Jos\u00e9 Arellano Ruiz, quien pas\u00f3 a situaci\u00f3n de retiro en mayo de 2024.<\/p>\n\n\n\n<p>OPERATIVO EN MARZO<\/p>\n\n\n\n<p>Omar Garc\u00eda Harfuch, secretario de Seguridad Ciudadana, inform\u00f3 en X que servidores p\u00fablicos y empresarios fueron detenidos por elementos del Gabinete de Seguridad Federal y que est\u00e1n relacionados con el decomiso de 10 millones de litros de hidrocarburo en Tampico, Tamaulipas.<\/p>\n\n\n\n<p>El proceso de investigaci\u00f3n sigue en curso y seguiremos trabajando para detener a todos los involucrados en este delito como parte de la estrategia contra la corrupci\u00f3n y la impunidad del gobierno federal\u201d, se\u00f1al\u00f3 en X.<\/p>\n\n\n\n<p>En marzo, fuerzas federales realizaron una operaci\u00f3n en Altamira, Tamaulipas, que dio como resultado el aseguramiento de 10 millones de litros de di\u00e9sel, as\u00ed como de diversas armas y veh\u00edculos.<\/p>\n\n\n\n<p>En un comunicado, el Gabinete de Seguridad Federal confirm\u00f3 la detenci\u00f3n de directivos y servidores p\u00fablicos vinculados al mercado il\u00edcito de combustible.<\/p>\n\n\n\n<p>Los detenidos ya fueron puestos a disposici\u00f3n de las autoridades correspondientes.<\/p>\n\n\n\n<p>Este domingo, a las 11 de la ma\u00f1ana, autoridades federales ofrecer\u00e1n una conferencia de prensa para dar a conocer los detalles del operativo.<\/p>\n","protected":false},"excerpt":{"rendered":"<p>El vicealmirante Manuel Roberto Far\u00edas Laguna es sobrino pol\u00edtico del almirante Rafael Ojeda, quien fuera&#8230;<\/p>\n","protected":false},"author":1,"featured_media":852,"comment_status":"open","ping_status":"closed","sticky":false,"template":"","format":"standard","meta":{"footnotes":""},"categories":[5],"tags":[],"class_list":["post-851","post","type-post","status-publish","format-standard","has-post-thumbnail","hentry","category-tamaulipas"],"_links":{"self":[{"href":"https:\/\/agridulcenoticias.com\/index.php\/wp-json\/wp\/v2\/posts\/851","targetHints":{"allow":["GET"]}}],"collection":[{"href":"https:\/\/agridulcenoticias.com\/index.php\/wp-json\/wp\/v2\/posts"}],"about":[{"href":"https:\/\/agridulcenoticias.com\/index.php\/wp-json\/wp\/v2\/types\/post"}],"author":[{"embeddable":true,"href":"https:\/\/agridulcenoticias.com\/index.php\/wp-json\/wp\/v2\/users\/1"}],"replies":[{"embeddable":true,"href":"https:\/\/agridulcenoticias.com\/index.php\/wp-json\/wp\/v2\/comments?post=851"}],"version-history":[{"count":0,"href":"https:\/\/agridulcenoticias.com\/index.php\/wp-json\/wp\/v2\/posts\/851\/revisions"}],"wp:featuredmedia":[{"embeddable":true,"href":"https:\/\/agridulcenoticias.com\/index.php\/wp-json\/wp\/v2\/media\/852"}],"wp:attachment":[{"href":"https:\/\/agridulcenoticias.com\/index.php\/wp-json\/wp\/v2\/media?parent=851"}],"wp:term":[{"taxonomy":"category","embeddable":true,"href":"https:\/\/agridulcenoticias.com\/index.php\/wp-json\/wp\/v2\/categories?post=851"},{"taxonomy":"post_tag","embeddable":true,"href":"https:\/\/agridulcenoticias.com\/index.php\/wp-json\/wp\/v2\/tags?post=851"}],"curies":[{"name":"wp","href":"https:\/\/api.w.org\/{rel}","templated":true}]}}