{"id":854,"date":"2025-09-06T13:31:00","date_gmt":"2025-09-06T19:31:00","guid":{"rendered":"https:\/\/radioomax.com\/?p=854"},"modified":"2025-09-06T13:31:00","modified_gmt":"2025-09-06T19:31:00","slug":"abandonan-restos-humanos-en-carretera-del-norte-de-veracruz","status":"publish","type":"post","link":"https:\/\/agridulcenoticias.com\/index.php\/2025\/09\/06\/abandonan-restos-humanos-en-carretera-del-norte-de-veracruz\/","title":{"rendered":"Abandonan restos humanos en carretera del norte de Veracruz"},"content":{"rendered":"\n<p>Autoridades de Veracruz confirmaron que restos humanos fueron abandonados en una carretera del norte de la entidad<\/p>\n\n\n\n<p>La Fiscal\u00eda de Veracruz confirm\u00f3 que restos humanos fueron abandonados en una carretera ubicada al norte de la entidad este s\u00e1bado 6 de septiembre de 2025.<\/p>\n\n\n\n<p>Por medio de redes sociales, la autoridad veracruzana indic\u00f3 que el hallazgo ocurri\u00f3 en la carretera \u00c1lamo-Potrero del Llano, justo a la altura del municipio de \u00c1lamo, lo que oblig\u00f3 a una fuerte movilizaci\u00f3n de agentes policiacos y personal militar.<\/p>\n\n\n\n<p>FGE INFORMA RESPECTO AL HALLAZGO DE ELEMENTOS ANAT\u00d3MICOS HUMANOS EN ALAMO<\/p>\n\n\n\n<p>\u00c1lamo, Ver., a 6 de septiembre del 2025.-La Fiscal\u00eda General del Estado informa que, a trav\u00e9s de la Fiscal\u00eda Regional Tuxpan, se ha iniciado una carpeta de investigaci\u00f3n con motivo del hallazgo de elementos anat\u00f3micos humanos a la altura de la carretera \u00c1lamo-Potrero del Llano.<\/p>\n\n\n\n<p>Desde el momento en que se tuvo conocimiento de los hechos, un equipo multidisciplinario pericial lleva a cabo las pruebas de criminal\u00edstica de campo y laboratorio para determinar, mediante un an\u00e1lisis y asociaci\u00f3n, su identidad, conforme a lo establecido en la ley para este tipo de casos.<\/p>\n\n\n\n<p>Fiscales, peritos y polic\u00edas ministeriales est\u00e1n realizando las investigaciones correspondientes para esclarecer los hechos.<\/p>\n\n\n\n<p>Publicado por Fiscal\u00eda General del Estado de Veracruz en S\u00e1bado, 6 de septiembre de 2025<\/p>\n\n\n\n<p>La Fiscal\u00eda estatal indic\u00f3 que desde el momento en que se tuvo conocimiento de este hallazgo \u201cun equipo multidisciplinario pericial lleva a cabo las pruebas de criminal\u00edstica de campo y laboratorio para determinar, mediante un an\u00e1lisis y asociaci\u00f3n, su identidad, conforme a lo establecido en la ley para este tipo de casos\u201d.<\/p>\n\n\n\n<p>\u201cFiscales, peritos y polic\u00edas ministeriales est\u00e1n realizando las investigaciones correspondientes para esclarecer los hechos\u201d, apunt\u00f3 en su mensaje.<\/p>\n\n\n\n<p>Hasta el momento ninguna autoridad de Veracruz ha informado de personas detenidas por el abandono de estos restos humanos en el municipio de \u00c1lamo.<\/p>\n\n\n\n<p>La zona norte de Veracruz sufre una escalada de violencia, con casos como el secuestro y homicidio de la profesora jubilada y taxista, Irma Hern\u00e1ndez; el violento mot\u00edn en el penal de Tuxpan, adem\u00e1s de la aparici\u00f3n de cuerpos descuartizados.<\/p>\n","protected":false},"excerpt":{"rendered":"<p>Autoridades de Veracruz confirmaron que restos humanos fueron abandonados en una carretera del norte de&#8230;<\/p>\n","protected":false},"author":1,"featured_media":855,"comment_status":"open","ping_status":"closed","sticky":false,"template":"","format":"standard","meta":{"footnotes":""},"categories":[14],"tags":[],"class_list":["post-854","post","type-post","status-publish","format-standard","has-post-thumbnail","hentry","category-nacional"],"_links":{"self":[{"href":"https:\/\/agridulcenoticias.com\/index.php\/wp-json\/wp\/v2\/posts\/854","targetHints":{"allow":["GET"]}}],"collection":[{"href":"https:\/\/agridulcenoticias.com\/index.php\/wp-json\/wp\/v2\/posts"}],"about":[{"href":"https:\/\/agridulcenoticias.com\/index.php\/wp-json\/wp\/v2\/types\/post"}],"author":[{"embeddable":true,"href":"https:\/\/agridulcenoticias.com\/index.php\/wp-json\/wp\/v2\/users\/1"}],"replies":[{"embeddable":true,"href":"https:\/\/agridulcenoticias.com\/index.php\/wp-json\/wp\/v2\/comments?post=854"}],"version-history":[{"count":0,"href":"https:\/\/agridulcenoticias.com\/index.php\/wp-json\/wp\/v2\/posts\/854\/revisions"}],"wp:featuredmedia":[{"embeddable":true,"href":"https:\/\/agridulcenoticias.com\/index.php\/wp-json\/wp\/v2\/media\/855"}],"wp:attachment":[{"href":"https:\/\/agridulcenoticias.com\/index.php\/wp-json\/wp\/v2\/media?parent=854"}],"wp:term":[{"taxonomy":"category","embeddable":true,"href":"https:\/\/agridulcenoticias.com\/index.php\/wp-json\/wp\/v2\/categories?post=854"},{"taxonomy":"post_tag","embeddable":true,"href":"https:\/\/agridulcenoticias.com\/index.php\/wp-json\/wp\/v2\/tags?post=854"}],"curies":[{"name":"wp","href":"https:\/\/api.w.org\/{rel}","templated":true}]}}