{"id":857,"date":"2025-09-06T13:42:00","date_gmt":"2025-09-06T19:42:00","guid":{"rendered":"https:\/\/radioomax.com\/?p=857"},"modified":"2025-09-06T13:42:00","modified_gmt":"2025-09-06T19:42:00","slug":"donde-queda-su-congruencia-joven-encara-a-fernandez-norona-por-misoginia-y-su-casa-de-tepoztlan-de-12-mdp","status":"publish","type":"post","link":"https:\/\/agridulcenoticias.com\/index.php\/2025\/09\/06\/donde-queda-su-congruencia-joven-encara-a-fernandez-norona-por-misoginia-y-su-casa-de-tepoztlan-de-12-mdp\/","title":{"rendered":"\u201c\u00bfD\u00f3nde queda su congruencia?\u201d: Joven encara a Fern\u00e1ndez Noro\u00f1a por misoginia y su casa de Tepoztl\u00e1n de 12 mdp"},"content":{"rendered":"\n<p>Una joven cuestion\u00f3 al senador Gerardo Fern\u00e1ndez Noro\u00f1a por su falta de congruencia en temas de misoginia y su casa en Tepoztl\u00e1n<\/p>\n\n\n\n<p>Una joven estudiante confront\u00f3 al senador morenista Gerardo Fern\u00e1ndez Noro\u00f1a durante un evento este s\u00e1bado 6 de septiembre por su falta de congruencia, misoginia e incluso por su falta de austeridad, luego de comprar una mansi\u00f3n de 12 millones de pesos en Tepoztl\u00e1n, Morelos.<\/p>\n\n\n\n<p>Lo anterior ocurri\u00f3 durante la Escuela de Formaci\u00f3n por la Paz y la Democracia Vol. 1 \u201cEstudiantes del 68\u201d, que fue organizado con el Instituto Mexicano de la Juventud (IMJUVE) en las instalaciones del Senado.<\/p>\n\n\n\n<p>Victoria Montes de Oca, estudiante de Ciencias Pol\u00edticas y Administraci\u00f3n P\u00fablica en la Universidad Aut\u00f3noma del Estado de M\u00e9xico, fue quien cuestion\u00f3 Fern\u00e1ndez Noro\u00f1a.<\/p>\n\n\n\n<p>\u201cEl respeto a la mujer, la equidad si usted es el primero que es mis\u00f3gino y machista. No s\u00e9 si recuerde que el Senado le dijo a la senadora Lilly T\u00e9llez: \u2018t\u00fa no est\u00e1s para debatir, t\u00fa est\u00e1s para lavar trastes\u2019. Mi pregunta es \u00bfd\u00f3nde queda la congruencia que usted dice tener de la mujer?\u201d, lanz\u00f3.<\/p>\n\n\n\n<p>\u201cNada m\u00e1s una cosa, no faltes al respeto, no le voy a faltar el respeto a la compa\u00f1era\u201d, interrumpi\u00f3 el legislador.<\/p>\n\n\n\n<p>\u201cNo ser\u00eda la primera vez que lo haga\u201d, solt\u00f3 la estudiante ante reclamos de los presentes en el evento.<\/p>\n\n\n\n<p>\u201cNo te estoy faltando el respeto, solo te voy a pedir una cosa. Est\u00e1 diciendo una cosa muy grave. Solo le voy a pedir una precisi\u00f3n, que por favor cite de d\u00f3nde saque esa frase esa que dice que yo dije, es lo \u00fanico que le voy a pedir, es lo \u00fanico, me parece que es algo correcto\u201d, respondi\u00f3 Fern\u00e1ndez Noro\u00f1a.<\/p>\n\n\n\n<p>\u201cSali\u00f3 en todas las noticias. si usted lo dijo, no s\u00e9 d\u00f3nde est\u00e1 lo incongruente o por qu\u00e9 me pregunta, si usted mismo que lo cit\u00f3, el mismo que lo dijo, por eso ahorita se lo estoy citando\u201d, revir\u00f3 la joven<\/p>\n\n\n\n<p>\u201cYo tambi\u00e9n me pregunto. Yo creo que nadie est\u00e1 en contra de los gastos que usted tiene, de la casa que acaba de comprar de 12 millones, porque como usted lo dice: todos tenemos derecho a una buena vida, lo que me cuestiono es: \u00bfd\u00f3nde queda lo que tanto habla su partido, lo que tanto habla su (ex)presidente Andr\u00e9s Manuel (L\u00f3pez Obrador) y ahorita su presidenta Claudia (Sheinbaum), de la austeridad, en lo que se basa su partido?, \u00bfd\u00f3nde queda? Porque si usted no dijera, y su partido no mencionara a cada rato la austeridad, y criticara tanto a los dem\u00e1s partidos, yo dir\u00eda: \u2018est\u00e1 bien, cada quien tiene el derecho a la vida que quiera\u2019; pero simplemente no puede venir a decir eso de la austeridad, si no lo hay, si en su partido no lo hay y nada m\u00e1s se la pasan con incongruencias y con mentiras, porque su partido en eso se basa, en incongruencias. No s\u00e9 si me pueda dar una respuesta o se va a salir por la tangente, cuestion\u00f3.<\/p>\n\n\n\n<p>El legislador morenista se\u00f1al\u00f3 a la estudiante de mentir y apunt\u00f3 lo siguiente: \u201cNunca le he dicho a Mar\u00eda Lilly del Carmen T\u00e9llez Garc\u00eda lo que ella dice que yo le dije\u201d, y argument\u00f3 que \u00e9l creci\u00f3 entre mujeres.<\/p>\n\n\n\n<p>\u201cTengo un profundo respeto por las mujeres. Siempre me han acusado de mis\u00f3gino aqu\u00ed. Los reto a que me digan qu\u00e9 pol\u00edticos, \u00bfse fijaron c\u00f3mo se pusieron cuando empec\u00e9 a defender a las mujeres y a decir que los hombres eran mis\u00f3ginos? C\u00f3mo se pusieron algunos aqu\u00ed\u201d, expres\u00f3.<\/p>\n\n\n\n<p>Sobre los se\u00f1alamientos de falta de austeridad, Fern\u00e1ndez Noro\u00f1a argument\u00f3 que la estudiante confund\u00eda la austeridad p\u00fablica con la austeridad personal.<\/p>\n\n\n\n<p>\u201cYo no tengo ninguna obligaci\u00f3n de ser austero. Son las pol\u00edticas p\u00fablicas las que son austeras\u201d, puntualiz\u00f3.<\/p>\n\n\n\n<p>El legislador cuestion\u00f3 que ciudadanos lo cuestionen por adquirir una casa en Tepoztl\u00e1n de 12 millones de pesos, y recalc\u00f3 que sigue viviendo en una vecindad en el Centro Hist\u00f3rico capitalino<\/p>\n\n\n\n<p>\u201c\u00bfDe d\u00f3nde Alejandro Moreno tiene una casa de 300 millones de pesos, pero a nuestra joven compa\u00f1era Victoria eso no la despeina. \u00a1No pinche Noro\u00f1a c\u00f3mo se le ocurre tener una casa en Tepoztl\u00e1n, qu\u00e9 \u00ednfulas de este tipo!\u201d, sostuvo.<\/p>\n","protected":false},"excerpt":{"rendered":"<p>Una joven cuestion\u00f3 al senador Gerardo Fern\u00e1ndez Noro\u00f1a por su falta de congruencia en temas&#8230;<\/p>\n","protected":false},"author":1,"featured_media":858,"comment_status":"open","ping_status":"closed","sticky":false,"template":"","format":"standard","meta":{"footnotes":""},"categories":[14],"tags":[],"class_list":["post-857","post","type-post","status-publish","format-standard","has-post-thumbnail","hentry","category-nacional"],"_links":{"self":[{"href":"https:\/\/agridulcenoticias.com\/index.php\/wp-json\/wp\/v2\/posts\/857","targetHints":{"allow":["GET"]}}],"collection":[{"href":"https:\/\/agridulcenoticias.com\/index.php\/wp-json\/wp\/v2\/posts"}],"about":[{"href":"https:\/\/agridulcenoticias.com\/index.php\/wp-json\/wp\/v2\/types\/post"}],"author":[{"embeddable":true,"href":"https:\/\/agridulcenoticias.com\/index.php\/wp-json\/wp\/v2\/users\/1"}],"replies":[{"embeddable":true,"href":"https:\/\/agridulcenoticias.com\/index.php\/wp-json\/wp\/v2\/comments?post=857"}],"version-history":[{"count":0,"href":"https:\/\/agridulcenoticias.com\/index.php\/wp-json\/wp\/v2\/posts\/857\/revisions"}],"wp:featuredmedia":[{"embeddable":true,"href":"https:\/\/agridulcenoticias.com\/index.php\/wp-json\/wp\/v2\/media\/858"}],"wp:attachment":[{"href":"https:\/\/agridulcenoticias.com\/index.php\/wp-json\/wp\/v2\/media?parent=857"}],"wp:term":[{"taxonomy":"category","embeddable":true,"href":"https:\/\/agridulcenoticias.com\/index.php\/wp-json\/wp\/v2\/categories?post=857"},{"taxonomy":"post_tag","embeddable":true,"href":"https:\/\/agridulcenoticias.com\/index.php\/wp-json\/wp\/v2\/tags?post=857"}],"curies":[{"name":"wp","href":"https:\/\/api.w.org\/{rel}","templated":true}]}}