{"id":874,"date":"2025-09-07T12:03:02","date_gmt":"2025-09-07T18:03:02","guid":{"rendered":"https:\/\/radioomax.com\/?p=874"},"modified":"2025-09-07T12:03:02","modified_gmt":"2025-09-07T18:03:02","slug":"no-habra-consideraciones-gabinete-de-seguridad-confirma-detencion-del-vicealmirante-manuel-roberto-farias-por-red-de-huachicol","status":"publish","type":"post","link":"https:\/\/agridulcenoticias.com\/index.php\/2025\/09\/07\/no-habra-consideraciones-gabinete-de-seguridad-confirma-detencion-del-vicealmirante-manuel-roberto-farias-por-red-de-huachicol\/","title":{"rendered":"\u201cNo habr\u00e1 consideraciones\u201d: Gabinete de Seguridad confirma detenci\u00f3n del vicealmirante Manuel Roberto Far\u00edas por red de huachicol"},"content":{"rendered":"\n<p>El secretario Omar Garc\u00eda Harfuch detall\u00f3 el operativo contra huachicol que llev\u00f3 a la captura del vicealmirante Manuel Roberto Far\u00edas Laguna<\/p>\n\n\n\n<p>El secretario de Seguridad y Protecci\u00f3n Ciudadana, Omar Garc\u00eda Harfuch, confirm\u00f3 la detenci\u00f3n del vicealmirante Manuel Roberto Far\u00edas Laguna por huachicol.<\/p>\n\n\n\n<p>Se trata del m\u00e1s alto cargo naval jam\u00e1s detenido por corrupci\u00f3n.<\/p>\n\n\n\n<p>Con estas acciones, las instituciones que integran el Gabinete de Seguridad reiteran que no hay consideraciones a malas pr\u00e1cticas ni actividades il\u00edcitas que mermen el desarrollo nacional o afecten los intereses del Estado Mexicano\u201d, sentenci\u00f3 el secretario de Seguridad federal.<\/p>\n\n\n\n<p>La detenci\u00f3n del vicealmirante se dio en el marco del decomiso de 10 millones de litros de di\u00e9sel en Tamaulipas, operativo efectuado en marzo pasado.<\/p>\n\n\n\n<p>Este aseguramiento es uno de los m\u00e1s grandes en la historia reciente relacionados con este il\u00edcito y dio inicio a una serie de trabajos de investigaci\u00f3n e inteligencia que revelaron parte de una estructura criminal detr\u00e1s de estas actividades.\u201d<\/p>\n\n\n\n<p>Garc\u00eda Harfuch expuso que la log\u00edstica de la estructura criminal desarticulada estaba basada en el uso de documentaci\u00f3n ap\u00f3crifa para facilitar el traslado del combustible.<\/p>\n\n\n\n<p>El grupo delictivo estaba compuesto por empresas de transporte, agencias aduanales y servidores p\u00fablicos.<\/p>\n\n\n\n<p>Estar\u00edan implicados, principalmente, empresarios y algunas autoridades\u2026 Se ejecutaron \u00f3rdenes de aprehensi\u00f3n contra tres empresarios, cinco marinos en activo, uno en retiro y cinco exfuncionarios de aduanas\u201d, detall\u00f3.<\/p>\n\n\n\n<p>Los detenidos en operaciones coordinadas efectuadas en la CDMX, Nuevo Le\u00f3n, Tamaulipas y Veracruz son:<\/p>\n\n\n\n<p>vicealmirante Manuel Roberto Far\u00edas Laguna<\/p>\n\n\n\n<p>Climaco N.<\/p>\n\n\n\n<p>Humberto Enrique N.<\/p>\n\n\n\n<p>Sergio N.<\/p>\n\n\n\n<p>Carlos de Jes\u00fas N.<\/p>\n\n\n\n<p>Fernando Ernesto N.<\/p>\n\n\n\n<p>Francisco Javier N.<\/p>\n\n\n\n<p>Endira X\u00f3chitl N.<\/p>\n\n\n\n<p>Perla Elizabeth N.<\/p>\n\n\n\n<p>Anatalia N.<\/p>\n\n\n\n<p>Ismael N.<\/p>\n\n\n\n<p>Anuar N.<\/p>\n\n\n\n<p>H\u00e9ctor Manuel N.<\/p>\n\n\n\n<p>Jos\u00e9 N.<\/p>\n","protected":false},"excerpt":{"rendered":"<p>El secretario Omar Garc\u00eda Harfuch detall\u00f3 el operativo contra huachicol que llev\u00f3 a la captura&#8230;<\/p>\n","protected":false},"author":1,"featured_media":875,"comment_status":"open","ping_status":"closed","sticky":false,"template":"","format":"standard","meta":{"footnotes":""},"categories":[14],"tags":[],"class_list":["post-874","post","type-post","status-publish","format-standard","has-post-thumbnail","hentry","category-nacional"],"_links":{"self":[{"href":"https:\/\/agridulcenoticias.com\/index.php\/wp-json\/wp\/v2\/posts\/874","targetHints":{"allow":["GET"]}}],"collection":[{"href":"https:\/\/agridulcenoticias.com\/index.php\/wp-json\/wp\/v2\/posts"}],"about":[{"href":"https:\/\/agridulcenoticias.com\/index.php\/wp-json\/wp\/v2\/types\/post"}],"author":[{"embeddable":true,"href":"https:\/\/agridulcenoticias.com\/index.php\/wp-json\/wp\/v2\/users\/1"}],"replies":[{"embeddable":true,"href":"https:\/\/agridulcenoticias.com\/index.php\/wp-json\/wp\/v2\/comments?post=874"}],"version-history":[{"count":0,"href":"https:\/\/agridulcenoticias.com\/index.php\/wp-json\/wp\/v2\/posts\/874\/revisions"}],"wp:featuredmedia":[{"embeddable":true,"href":"https:\/\/agridulcenoticias.com\/index.php\/wp-json\/wp\/v2\/media\/875"}],"wp:attachment":[{"href":"https:\/\/agridulcenoticias.com\/index.php\/wp-json\/wp\/v2\/media?parent=874"}],"wp:term":[{"taxonomy":"category","embeddable":true,"href":"https:\/\/agridulcenoticias.com\/index.php\/wp-json\/wp\/v2\/categories?post=874"},{"taxonomy":"post_tag","embeddable":true,"href":"https:\/\/agridulcenoticias.com\/index.php\/wp-json\/wp\/v2\/tags?post=874"}],"curies":[{"name":"wp","href":"https:\/\/api.w.org\/{rel}","templated":true}]}}