{"id":888,"date":"2025-09-08T22:59:56","date_gmt":"2025-09-09T04:59:56","guid":{"rendered":"https:\/\/radioomax.com\/?p=888"},"modified":"2025-09-08T22:59:56","modified_gmt":"2025-09-09T04:59:56","slug":"muere-el-capitan-abraham-jeremias-perez-ramirez-involucrado-en-caso-de-huachicol-fiscal","status":"publish","type":"post","link":"https:\/\/agridulcenoticias.com\/index.php\/2025\/09\/08\/muere-el-capitan-abraham-jeremias-perez-ramirez-involucrado-en-caso-de-huachicol-fiscal\/","title":{"rendered":"Muere el capit\u00e1n Abraham Jerem\u00edas P\u00e9rez Ram\u00edrez, involucrado en caso de huachicol fiscal"},"content":{"rendered":"\n<p>Reportan supuesto suicidio del naval<\/p>\n\n\n\n<p>CIUDAD DE M\u00c9XICO. El periodista y columnista Carlos Loret de Mola, revel\u00f3 a trav\u00e9s de redes sociales que el capit\u00e1n de nav\u00edo Abraham Jerem\u00edas P\u00e9rez Ram\u00edrez, titular de la Unidad de Protecci\u00f3n Portuaria de Altamira y mencionado por el exdirector de Aduanas de Tampico de haber recibido sobornos, se quit\u00f3 la vida en su oficina este lunes 8 de septiembre. Lo anterior, fue confirmado por fuentes federales.<\/p>\n\n\n\n<p>La Secretar\u00eda de Marina lament\u00f3 la muerte de Abraham Jerem\u00edas P\u00e9rez Ram\u00edrez: \u201cLa instituci\u00f3n extiende su m\u00e1s sentido p\u00e9same y solidaridad a su familia, amigos y compa\u00f1eros, reiterando que se les brindar\u00e1n todos los apoyos necesarios y los que por ley corresponden.<\/p>\n\n\n\n<p>\u201cAsimismo, se reitera la colaboraci\u00f3n con las autoridades competentes para el pleno esclarecimiento de los hechos\u201d, destac\u00f3 la dependencia.<\/p>\n\n\n\n<p>P\u00e9rez Ram\u00edrez supuestamente recibi\u00f3 sobornos relacionados con el contrabando de huachicol fiscal del megadecomiso Tamaulipas de 10 millones de litros de di\u00e9sel en Tampico, Tamaulipas en marzo pasado.<\/p>\n\n\n\n<p>El domingo el secretario de Seguridad y Protecci\u00f3n Ciudadana, Omar Garc\u00eda Harfuch, dio a conocer la detenci\u00f3n de 14 personas vinculadas con el contrabando de huachicol fiscal.<\/p>\n\n\n\n<p>En esa ocasi\u00f3n, Garc\u00eda Harfuch habl\u00f3 de la detenci\u00f3n de tres empresarios, cinco marinos en activo, y uno en retiro, adem\u00e1s de cinco exfuncionarios de aduanas.<\/p>\n\n\n\n<p>Los nombres de los detenidos son: Manuel Roberto \u201cN\u201d, Climaco \u201cN\u201d, Humberto Enrique \u201cN\u201d, Sergio \u201cN\u201d, Carlos de Jes\u00fas \u201cN\u201d, Fernando Ernesto \u201cN\u201d, Francisco Javier \u201cN\u201d, Endira X\u00f3chitl \u201cN\u201d, Perla Elizabeth \u201cN\u201d, Natalia \u201cN\u201d, Ismael \u201cN\u201d, Anuar \u201cN\u201d, H\u00e9ctor Manuel \u201cN\u201d y Jos\u00e9 \u201cN\u201d.<\/p>\n\n\n\n<p>De acuerdo con las investigaciones, Manuel Roberto Far\u00edas Lagunas fungi\u00f3 como vicealmirante, sobrino pol\u00edtico del exsecretario de Marina, Rafael Ojeda Dur\u00e1n y arrestado el 2 de septiembre junto con otras siete personas por su presunta relaci\u00f3n con una red de huachicol fiscal.<\/p>\n\n\n\n<p>Otro de los detenidos es Francisco Javier Antonio Mart\u00ednez, exgerente de Administraci\u00f3n y Finanzas de la Administraci\u00f3n del Sistema Portuario Nacional (ASIPONA) en Tampico, recluido en el penal del Altiplano, quien supuestamente estaba relacionado con los due\u00f1os de Intanza, compa\u00f1\u00eda que probablemente import\u00f3 di\u00e9sel ilegal de Estados Unidos a M\u00e9xico que se hicieron pasar por aditivos para aceites.<\/p>\n\n\n\n<p>Garc\u00eda Harfuch record\u00f3 que en marzo de este a\u00f1o informaron de un operativo realizado en coordinaci\u00f3n con la Fiscal\u00eda General de la Rep\u00fablica (FGR) Secretar\u00eda de Marina (Semar) Secretar\u00eda de la Defensa Nacional (Defensa) Guardia Nacional (GN) y Secretar\u00eda de Seguridad y Protecci\u00f3n Ciudadana (SSPC) para desarticular redes de tr\u00e1fico ilegal de hidrocarburos.<\/p>\n","protected":false},"excerpt":{"rendered":"<p>Reportan supuesto suicidio del naval CIUDAD DE M\u00c9XICO. El periodista y columnista Carlos Loret de&#8230;<\/p>\n","protected":false},"author":1,"featured_media":889,"comment_status":"open","ping_status":"closed","sticky":false,"template":"","format":"standard","meta":{"footnotes":""},"categories":[14,5],"tags":[],"class_list":["post-888","post","type-post","status-publish","format-standard","has-post-thumbnail","hentry","category-nacional","category-tamaulipas"],"_links":{"self":[{"href":"https:\/\/agridulcenoticias.com\/index.php\/wp-json\/wp\/v2\/posts\/888","targetHints":{"allow":["GET"]}}],"collection":[{"href":"https:\/\/agridulcenoticias.com\/index.php\/wp-json\/wp\/v2\/posts"}],"about":[{"href":"https:\/\/agridulcenoticias.com\/index.php\/wp-json\/wp\/v2\/types\/post"}],"author":[{"embeddable":true,"href":"https:\/\/agridulcenoticias.com\/index.php\/wp-json\/wp\/v2\/users\/1"}],"replies":[{"embeddable":true,"href":"https:\/\/agridulcenoticias.com\/index.php\/wp-json\/wp\/v2\/comments?post=888"}],"version-history":[{"count":0,"href":"https:\/\/agridulcenoticias.com\/index.php\/wp-json\/wp\/v2\/posts\/888\/revisions"}],"wp:featuredmedia":[{"embeddable":true,"href":"https:\/\/agridulcenoticias.com\/index.php\/wp-json\/wp\/v2\/media\/889"}],"wp:attachment":[{"href":"https:\/\/agridulcenoticias.com\/index.php\/wp-json\/wp\/v2\/media?parent=888"}],"wp:term":[{"taxonomy":"category","embeddable":true,"href":"https:\/\/agridulcenoticias.com\/index.php\/wp-json\/wp\/v2\/categories?post=888"},{"taxonomy":"post_tag","embeddable":true,"href":"https:\/\/agridulcenoticias.com\/index.php\/wp-json\/wp\/v2\/tags?post=888"}],"curies":[{"name":"wp","href":"https:\/\/api.w.org\/{rel}","templated":true}]}}