{"id":891,"date":"2025-09-08T23:08:34","date_gmt":"2025-09-09T05:08:34","guid":{"rendered":"https:\/\/radioomax.com\/?p=891"},"modified":"2025-09-08T23:08:34","modified_gmt":"2025-09-09T05:08:34","slug":"transformacion-del-poder-judicial-en-tamaulipas-es-una-realidad-americo","status":"publish","type":"post","link":"https:\/\/agridulcenoticias.com\/index.php\/2025\/09\/08\/transformacion-del-poder-judicial-en-tamaulipas-es-una-realidad-americo\/","title":{"rendered":"\u201cTransformaci\u00f3n del Poder Judicial en Tamaulipas es una realidad\u201d: Am\u00e9rico"},"content":{"rendered":"\n<p>CIUDAD VICTORIA, TAMPS. La transformaci\u00f3n del Poder Judicial en Tamaulipas es una realidad y, a partir del pr\u00f3ximo 30 de septiembre, los 3 Poderes del Estado estar\u00e1n electos democr\u00e1ticamente, afirm\u00f3 el gobernador Am\u00e9rico Villarreal Anaya.<\/p>\n\n\n\n<p>\u201cAgradezco mucho a todos los magistrados, a todo el Poder Judicial que han acompa\u00f1ado esta administraci\u00f3n del Ejecutivo en estos 3 a\u00f1os de ejercicio, que han mostrado la voluntad y la aceptaci\u00f3n de la voluntad popular para llevar a cabo esta transformaci\u00f3n\u201d, expres\u00f3 el mandatario estatal durante la ceremonia c\u00edvica de honores, en la explanada del Supremo Tribunal de Justicia.<\/p>\n\n\n\n<p>Ante magistrados, magistradas, consejeros, jueces y juezas, Villarreal Anaya mencion\u00f3 la construcci\u00f3n de la Ciudad Judicial, la mayor obra de infraestructura en el poder judicial en muchos a\u00f1os, y las obras de remodelaci\u00f3n en la sede del tribunal como una muestra de la colaboraci\u00f3n entre los Poderes del Estado para lograr mejores condiciones y oportunidades que permitan recobrar la ruta de la paz, del bienestar, del trabajo y la felicidad de las familias tamaulipecas.<\/p>\n\n\n\n<p>PODER JUDICIAL RECONOCE AL GOBERNADOR AM\u00c9RICO VILLARREAL POR AFIANZAR EL ESTADO DE DERECHO<\/p>\n\n\n\n<p>Por su parte, Hern\u00e1n De la Garza Tamez, presidente del Supremo Tribunal de Justicia y del Consejo de la Judicatura, expres\u00f3 que, de acuerdo con los resultados de una reciente encuesta del INEGI, a prop\u00f3sito del \u2018D\u00eda de las Personas Juzgadoras\u2019, la ciudadan\u00eda concedi\u00f3 un 70.2% de aprobaci\u00f3n al expresar confianza en la impartici\u00f3n de justicia en Tamaulipas, lo que coloca a esta entidad dentro de los primeros siete lugares del pa\u00eds.<\/p>\n\n\n\n<p>Asimismo, expres\u00f3 su reconocimiento al gobernador Am\u00e9rico Villarreal por afianzar un estado de derecho que se construye en el respeto y la cooperaci\u00f3n permanente de quienes integran el poder p\u00fablico en Tamaulipas.<\/p>\n\n\n\n<p>\u201cSu respaldo a la consolidaci\u00f3n de un sistema de justicia moderno y accesible ha sido permanente y s\u00f3lido\u201d, indic\u00f3.<\/p>\n\n\n\n<p>De la Garza Tamez refiri\u00f3 que la entrega recepci\u00f3n del Poder Judicial inici\u00f3 formalmente a partir del pasado primero de septiembre y expres\u00f3 su confianza en la magistrada presidenta electa Tania Contreras L\u00f3pez para conducir esta instituci\u00f3n.<\/p>\n\n\n\n<p>\u201cTengo absoluta confianza de que al Poder Judicial le ir\u00e1 muy bien, conozco a la presidenta electa, Tania Contreras, desde hace m\u00e1s de 25 a\u00f1os en que colaboramos en la Secretar\u00eda General de Gobierno, s\u00e9 de su capacidad y su profesionalismo y no tengo duda, que sabr\u00e1 encabezar acertadamente los destinos de la instituci\u00f3n\u201d, mencion\u00f3.<\/p>\n","protected":false},"excerpt":{"rendered":"<p>CIUDAD VICTORIA, TAMPS. La transformaci\u00f3n del Poder Judicial en Tamaulipas es una realidad y, a&#8230;<\/p>\n","protected":false},"author":1,"featured_media":892,"comment_status":"open","ping_status":"closed","sticky":false,"template":"","format":"standard","meta":{"footnotes":""},"categories":[5],"tags":[],"class_list":["post-891","post","type-post","status-publish","format-standard","has-post-thumbnail","hentry","category-tamaulipas"],"_links":{"self":[{"href":"https:\/\/agridulcenoticias.com\/index.php\/wp-json\/wp\/v2\/posts\/891","targetHints":{"allow":["GET"]}}],"collection":[{"href":"https:\/\/agridulcenoticias.com\/index.php\/wp-json\/wp\/v2\/posts"}],"about":[{"href":"https:\/\/agridulcenoticias.com\/index.php\/wp-json\/wp\/v2\/types\/post"}],"author":[{"embeddable":true,"href":"https:\/\/agridulcenoticias.com\/index.php\/wp-json\/wp\/v2\/users\/1"}],"replies":[{"embeddable":true,"href":"https:\/\/agridulcenoticias.com\/index.php\/wp-json\/wp\/v2\/comments?post=891"}],"version-history":[{"count":0,"href":"https:\/\/agridulcenoticias.com\/index.php\/wp-json\/wp\/v2\/posts\/891\/revisions"}],"wp:featuredmedia":[{"embeddable":true,"href":"https:\/\/agridulcenoticias.com\/index.php\/wp-json\/wp\/v2\/media\/892"}],"wp:attachment":[{"href":"https:\/\/agridulcenoticias.com\/index.php\/wp-json\/wp\/v2\/media?parent=891"}],"wp:term":[{"taxonomy":"category","embeddable":true,"href":"https:\/\/agridulcenoticias.com\/index.php\/wp-json\/wp\/v2\/categories?post=891"},{"taxonomy":"post_tag","embeddable":true,"href":"https:\/\/agridulcenoticias.com\/index.php\/wp-json\/wp\/v2\/tags?post=891"}],"curies":[{"name":"wp","href":"https:\/\/api.w.org\/{rel}","templated":true}]}}