{"id":901,"date":"2025-09-08T21:52:00","date_gmt":"2025-09-09T03:52:00","guid":{"rendered":"https:\/\/radioomax.com\/?p=901"},"modified":"2025-09-08T21:52:00","modified_gmt":"2025-09-09T03:52:00","slug":"entregan-el-paquete-economico-2026-al-congreso","status":"publish","type":"post","link":"https:\/\/agridulcenoticias.com\/index.php\/2025\/09\/08\/entregan-el-paquete-economico-2026-al-congreso\/","title":{"rendered":"Entregan el Paquete Econ\u00f3mico 2026 al Congreso"},"content":{"rendered":"\n<p>La entrega se hizo a la presidenta de la Mesa Directiva de la C\u00e1mara Baja, Kenia L\u00f3pez<\/p>\n\n\n\n<p>El secretario de Hacienda y Cr\u00e9dito P\u00fablico, \u00c9dgar Amador Zamora, entreg\u00f3 este lunes el Paquete Econ\u00f3mico 2026 al Congreso de la Uni\u00f3n.<\/p>\n\n\n\n<p>En la C\u00e1mara de Diputados, Amador Zamora hizo entrega de la documentaci\u00f3n a la presidenta de la Mesa Directiva, Kenia L\u00f3pez Rabad\u00e1n.<\/p>\n\n\n\n<p>Este paquete se presenta en un entorno internacional complejo, marcado por tensiones geopol\u00edticas que han puesto a prueba a todas las econom\u00edas. M\u00e9xico, sin embargo, ha mostrado fortaleza\u201d, asegur\u00f3 Amador Zamora al tomar la palabra en el evento.<\/p>\n\n\n\n<p>Posteriormente, el titular de la Secretar\u00eda de Hacienda entreg\u00f3 el Paquete Econ\u00f3mico al Senado de la Rep\u00fablica.<\/p>\n\n\n\n<p>La entrega del Paquete Econ\u00f3mico 2026 se retras\u00f3<\/p>\n\n\n\n<p>En la C\u00e1mara de Diputados la entrega del Paquete Econ\u00f3mico estaba prevista para las 17:00 h. Inicialmente se retras\u00f3 para las 18:00; pero finalmente se reprogram\u00f3 para las 22:30 h.<\/p>\n\n\n\n<p>En el Senado de la Rep\u00fablica, la Comisi\u00f3n de Hacienda inform\u00f3 que la documentaci\u00f3n se entregar\u00eda a las 23:30 h.<\/p>\n\n\n\n<p>La Ley de Presupuesto y Responsabilidad Hacendaria establece en el Art\u00edculo 45, Fracci\u00f3n III que el Ejecutivo Federal debe entregar el Paquete Econ\u00f3mico para el siguiente a\u00f1o a m\u00e1s tardar el 8 de septiembre.<\/p>\n","protected":false},"excerpt":{"rendered":"<p>La entrega se hizo a la presidenta de la Mesa Directiva de la C\u00e1mara Baja,&#8230;<\/p>\n","protected":false},"author":1,"featured_media":902,"comment_status":"open","ping_status":"closed","sticky":false,"template":"","format":"standard","meta":{"footnotes":""},"categories":[14],"tags":[],"class_list":["post-901","post","type-post","status-publish","format-standard","has-post-thumbnail","hentry","category-nacional"],"_links":{"self":[{"href":"https:\/\/agridulcenoticias.com\/index.php\/wp-json\/wp\/v2\/posts\/901","targetHints":{"allow":["GET"]}}],"collection":[{"href":"https:\/\/agridulcenoticias.com\/index.php\/wp-json\/wp\/v2\/posts"}],"about":[{"href":"https:\/\/agridulcenoticias.com\/index.php\/wp-json\/wp\/v2\/types\/post"}],"author":[{"embeddable":true,"href":"https:\/\/agridulcenoticias.com\/index.php\/wp-json\/wp\/v2\/users\/1"}],"replies":[{"embeddable":true,"href":"https:\/\/agridulcenoticias.com\/index.php\/wp-json\/wp\/v2\/comments?post=901"}],"version-history":[{"count":0,"href":"https:\/\/agridulcenoticias.com\/index.php\/wp-json\/wp\/v2\/posts\/901\/revisions"}],"wp:featuredmedia":[{"embeddable":true,"href":"https:\/\/agridulcenoticias.com\/index.php\/wp-json\/wp\/v2\/media\/902"}],"wp:attachment":[{"href":"https:\/\/agridulcenoticias.com\/index.php\/wp-json\/wp\/v2\/media?parent=901"}],"wp:term":[{"taxonomy":"category","embeddable":true,"href":"https:\/\/agridulcenoticias.com\/index.php\/wp-json\/wp\/v2\/categories?post=901"},{"taxonomy":"post_tag","embeddable":true,"href":"https:\/\/agridulcenoticias.com\/index.php\/wp-json\/wp\/v2\/tags?post=901"}],"curies":[{"name":"wp","href":"https:\/\/api.w.org\/{rel}","templated":true}]}}