{"id":913,"date":"2025-09-08T22:29:00","date_gmt":"2025-09-09T04:29:00","guid":{"rendered":"https:\/\/radioomax.com\/?p=913"},"modified":"2025-09-08T22:29:00","modified_gmt":"2025-09-09T04:29:00","slug":"suben-a-diez-los-muertos-por-el-impacto-de-un-tren-con-autobus-en-el-estado-de-mexico","status":"publish","type":"post","link":"https:\/\/agridulcenoticias.com\/index.php\/2025\/09\/08\/suben-a-diez-los-muertos-por-el-impacto-de-un-tren-con-autobus-en-el-estado-de-mexico\/","title":{"rendered":"Suben a diez los muertos por el impacto de un tren con autob\u00fas en el Estado de M\u00e9xico"},"content":{"rendered":"\n<p>El n\u00famero de muertos por el choque de un tren con un autob\u00fas en el Edomex subi\u00f3 de ocho a diez, inform\u00f3 Protecci\u00f3n Civil estatal<\/p>\n\n\n\n<p>El n\u00famero de muertos por el choque de un ferrocarril con un autob\u00fas de pasajeros de doble piso subi\u00f3 de ocho a diez, inform\u00f3 este lunes el coordinador general de Protecci\u00f3n Civil del Estado de M\u00e9xico, Adri\u00e1n Hern\u00e1ndez Romero.<\/p>\n\n\n\n<p>El accidente ocurri\u00f3 la ma\u00f1ana de este lunes en la carretera federal Atlacomulco\u2013Maravat\u00edo (zona industrial).<\/p>\n\n\n\n<p>\u201cTenemos un total de 41 lesionados, de los cuales cuatro son de la primera prioridad, 16 de la segunda y 21 de la tercera prioridad (\u2026) y tenemos un n\u00famero de 10 decesos\u201d, dijo Hern\u00e1ndez al canal de televisi\u00f3n Milenio, tras el levantamiento de hechos de la Fiscal\u00eda General de Justicia del estado.<\/p>\n\n\n\n<p>obre el estado de los heridos, explic\u00f3 que dos fueron trasladados por el grupo de rescate \u2018Rel\u00e1mpagos\u2019 al hospital Adolfo L\u00f3pez Mateos, ubicado en la ciudad de Toluca, mientras que otros se encuentran en cl\u00ednicas de los municipios de Atlacomulco, Ixtlahuaca y Jocotitl\u00e1n.<\/p>\n\n\n\n<p>Tambi\u00e9n comunic\u00f3 que la empresa ferroviaria Canadian Pacific Kansas City (CPKC en M\u00e9xico) \u201cya est\u00e1 haciendo lo propio para liberar la v\u00eda y establecer la circulaci\u00f3n\u201d, y confirm\u00f3 que el autob\u00fas de la l\u00ednea Herradura de Plata transportaba 51 pasajeros.<\/p>\n\n\n\n<p>En cuanto al conductor del autob\u00fas, anunci\u00f3 que est\u00e1 detenido y agreg\u00f3 que es un asunto que la autoridad responsable tendr\u00e1 que resolver.<\/p>\n\n\n\n<p>Por su lado, CPKC emiti\u00f3 un comunicado en sus redes sociales con el que lament\u00f3 el incidente y acus\u00f3 al conductor del autob\u00fas de querer \u201cganarle el paso al tren\u201d.<\/p>\n\n\n\n<p>Y precis\u00f3 que \u201clas autoridades de protecci\u00f3n civil municipal y de seguridad brindan apoyo para atender este triste hecho\u201d.<\/p>\n\n\n\n<p>La compa\u00f1\u00eda hizo un llamado a la poblaci\u00f3n, conductores y choferes a respetar los se\u00f1alamientos y a cumplir la orden de alto total en los cruces de ferrocarril para evitar estas lamentables situaciones.<\/p>\n\n\n\n<p>El accidente fue divulgado este lunes en redes sociales tras la circulaci\u00f3n de un video en el que se observ\u00f3 a varias personas que intentaron ayudar a salir por el techo del autob\u00fas a los pasajeros atrapados, mientras que otros m\u00e1s se encuentran en el suelo.<\/p>\n","protected":false},"excerpt":{"rendered":"<p>El n\u00famero de muertos por el choque de un tren con un autob\u00fas en el&#8230;<\/p>\n","protected":false},"author":1,"featured_media":914,"comment_status":"open","ping_status":"closed","sticky":false,"template":"","format":"standard","meta":{"footnotes":""},"categories":[14],"tags":[],"class_list":["post-913","post","type-post","status-publish","format-standard","has-post-thumbnail","hentry","category-nacional"],"_links":{"self":[{"href":"https:\/\/agridulcenoticias.com\/index.php\/wp-json\/wp\/v2\/posts\/913","targetHints":{"allow":["GET"]}}],"collection":[{"href":"https:\/\/agridulcenoticias.com\/index.php\/wp-json\/wp\/v2\/posts"}],"about":[{"href":"https:\/\/agridulcenoticias.com\/index.php\/wp-json\/wp\/v2\/types\/post"}],"author":[{"embeddable":true,"href":"https:\/\/agridulcenoticias.com\/index.php\/wp-json\/wp\/v2\/users\/1"}],"replies":[{"embeddable":true,"href":"https:\/\/agridulcenoticias.com\/index.php\/wp-json\/wp\/v2\/comments?post=913"}],"version-history":[{"count":0,"href":"https:\/\/agridulcenoticias.com\/index.php\/wp-json\/wp\/v2\/posts\/913\/revisions"}],"wp:featuredmedia":[{"embeddable":true,"href":"https:\/\/agridulcenoticias.com\/index.php\/wp-json\/wp\/v2\/media\/914"}],"wp:attachment":[{"href":"https:\/\/agridulcenoticias.com\/index.php\/wp-json\/wp\/v2\/media?parent=913"}],"wp:term":[{"taxonomy":"category","embeddable":true,"href":"https:\/\/agridulcenoticias.com\/index.php\/wp-json\/wp\/v2\/categories?post=913"},{"taxonomy":"post_tag","embeddable":true,"href":"https:\/\/agridulcenoticias.com\/index.php\/wp-json\/wp\/v2\/tags?post=913"}],"curies":[{"name":"wp","href":"https:\/\/api.w.org\/{rel}","templated":true}]}}