{"id":941,"date":"2025-09-10T10:31:12","date_gmt":"2025-09-10T16:31:12","guid":{"rendered":"https:\/\/radioomax.com\/?p=941"},"modified":"2025-09-10T10:31:12","modified_gmt":"2025-09-10T16:31:12","slug":"avanza-zona-conurbada-hacia-un-transporte-publico-moderno-seguro-y-accesible","status":"publish","type":"post","link":"https:\/\/agridulcenoticias.com\/index.php\/2025\/09\/10\/avanza-zona-conurbada-hacia-un-transporte-publico-moderno-seguro-y-accesible\/","title":{"rendered":"Avanza zona conurbada hacia un transporte p\u00fablico moderno, seguro y accesible"},"content":{"rendered":"\n<p>-Con el proyecto BRT, se contar\u00e1 con un sistema que cubrir\u00e1 el 60% de la zona conurbada de Tampico, Madero y Altamira, colocando a las personas en el centro de la movilidad urbana<\/p>\n\n\n\n<p>Tampico, Tamaulipas.- El Gobierno de Tamaulipas comenz\u00f3 a trazar una nueva ruta hacia la movilidad del futuro. Con la primera reuni\u00f3n presencial del proyecto ejecutivo del Bus Rapid Transit (BRT), se dio inicio al dise\u00f1o de un sistema de transporte p\u00fablico que promete ser r\u00e1pido, seguro y accesible, pensado especialmente para quienes m\u00e1s lo necesitan en la zona conurbada de Tampico, Ciudad Madero y Altamira<\/p>\n\n\n\n<p>La sesi\u00f3n estuvo presidida por la secretaria de Desarrollo Urbano y Medio Ambiente, Karina Lizeth Sald\u00edvar Lartigue, quien destac\u00f3 que este proyecto no solo es una soluci\u00f3n de infraestructura, sino una apuesta por la seguridad vial y el bienestar ciudadano, dando prioridad a las personas sobre los veh\u00edculos ante la saturaci\u00f3n de las vialidades, \u201ceste sistema dar\u00e1 paso a una movilidad m\u00e1s humana, ordenada y eficiente\u201d, afirm\u00f3.<\/p>\n\n\n\n<p>Este proyecto cuenta con el respaldo del gobernador Am\u00e9rico Villarreal Anaya y de la presidenta de la Rep\u00fablica, Claudia Sheinbaum Pardo, lo que reafirma el compromiso de ambos gobiernos por ofrecer un transporte digno a quienes m\u00e1s lo necesitan.<\/p>\n\n\n\n<p>El BRT contempla una cobertura del 60% del \u00e1rea metropolitana mediante rutas troncales, alimentadoras y auxiliares. La empresa encargada del proyecto ejecutivo pasar\u00e1 de un dise\u00f1o conceptual a un plan final basado en estudios de tr\u00e1fico y en la din\u00e1mica de las zonas comerciales. Adem\u00e1s, se tomar\u00e1n en cuenta las instalaciones hidr\u00e1ulicas, el\u00e9ctricas y de telecomunicaciones, garantizando un servicio integral y de calidad.<\/p>\n\n\n\n<p>La alcaldesa de Tampico, M\u00f3nica Villarreal Anaya, y el alcalde de Ciudad Madero, Erasmo Gonz\u00e1lez Robledo, coincidieron en que esta obra permitir\u00e1 atender de manera directa las necesidades de los usuarios y mejorar la movilidad urbana.<\/p>\n\n\n\n<p>En la mesa de trabajo participaron tambi\u00e9n el subsecretario de Desarrollo Urbano, Fernando Daniel P\u00e1ez Su\u00e1rez; la directora general del IMEPLAN, Mar\u00eda Silvia Montalvo Tello; el subsecretario del Transporte, Armando N\u00fa\u00f1ez Montelongo; as\u00ed como representantes de la Secretar\u00eda de Infraestructura, Comunicaciones y Transportes, la Secretar\u00eda de Obras P\u00fablicas, los tres ayuntamientos de la zona y especialistas de la empresa responsable del proyecto.<\/p>\n\n\n\n<p>La funcionaria estatal se\u00f1al\u00f3 que el Gobierno de Tamaulipas avanza con pasos firmes hacia un transporte p\u00fablico r\u00e1pido, accesible y seguro, que coloque a las y los ciudadanos en el centro de la planeaci\u00f3n urbana y contribuya a un futuro m\u00e1s ordenado y sustentable para la regi\u00f3n sur del estado.<\/p>\n","protected":false},"excerpt":{"rendered":"<p>-Con el proyecto BRT, se contar\u00e1 con un sistema que cubrir\u00e1 el 60% de la&#8230;<\/p>\n","protected":false},"author":1,"featured_media":942,"comment_status":"open","ping_status":"closed","sticky":false,"template":"","format":"standard","meta":{"footnotes":""},"categories":[5,2],"tags":[],"class_list":["post-941","post","type-post","status-publish","format-standard","has-post-thumbnail","hentry","category-tamaulipas","category-tampico"],"_links":{"self":[{"href":"https:\/\/agridulcenoticias.com\/index.php\/wp-json\/wp\/v2\/posts\/941","targetHints":{"allow":["GET"]}}],"collection":[{"href":"https:\/\/agridulcenoticias.com\/index.php\/wp-json\/wp\/v2\/posts"}],"about":[{"href":"https:\/\/agridulcenoticias.com\/index.php\/wp-json\/wp\/v2\/types\/post"}],"author":[{"embeddable":true,"href":"https:\/\/agridulcenoticias.com\/index.php\/wp-json\/wp\/v2\/users\/1"}],"replies":[{"embeddable":true,"href":"https:\/\/agridulcenoticias.com\/index.php\/wp-json\/wp\/v2\/comments?post=941"}],"version-history":[{"count":0,"href":"https:\/\/agridulcenoticias.com\/index.php\/wp-json\/wp\/v2\/posts\/941\/revisions"}],"wp:featuredmedia":[{"embeddable":true,"href":"https:\/\/agridulcenoticias.com\/index.php\/wp-json\/wp\/v2\/media\/942"}],"wp:attachment":[{"href":"https:\/\/agridulcenoticias.com\/index.php\/wp-json\/wp\/v2\/media?parent=941"}],"wp:term":[{"taxonomy":"category","embeddable":true,"href":"https:\/\/agridulcenoticias.com\/index.php\/wp-json\/wp\/v2\/categories?post=941"},{"taxonomy":"post_tag","embeddable":true,"href":"https:\/\/agridulcenoticias.com\/index.php\/wp-json\/wp\/v2\/tags?post=941"}],"curies":[{"name":"wp","href":"https:\/\/api.w.org\/{rel}","templated":true}]}}